{"id":864,"date":"2023-10-18T22:38:36","date_gmt":"2023-10-18T16:38:36","guid":{"rendered":"https:\/\/www.corporacionbi.com\/gt\/frcl\/?p=864"},"modified":"2024-01-03T18:00:05","modified_gmt":"2024-01-03T12:00:05","slug":"claudia-se-prepara-para-ser-una-profesional-y-tener-un-mejor-futuro","status":"publish","type":"post","link":"https:\/\/www.corporacionbi.com\/gt\/frcl\/claudia-se-prepara-para-ser-una-profesional-y-tener-un-mejor-futuro\/","title":{"rendered":"Claudia se prepara para ser una profesional y tener un mejor futuro"},"content":{"rendered":"<p>Claudia Mart\u00ednez vive en aldea El Chag\u00fcite del municipio de Jalapa. Estudia en la Primera Etapa del Programa Me Educo de Primaria Acelerada equivalente a segundo y tercero primaria, ya que desea aprender y mejorar cada d\u00eda m\u00e1s en su educaci\u00f3n.<\/p>\n<p>Claudia relata que cuando inici\u00f3 en la Etapa Inicial de Lectoescritura y C\u00e1lculo Matem\u00e1tico, equivalente a primero primaria del Programa Me Educo, no pod\u00eda firmar, pero ahora ya puede leer, escribir, sumar y restar, lo cual la motiva para seguir aprendiendo. Cada aprendizaje le ha servido para ver la vida de una manera m\u00e1s positiva. Expresa que continuar\u00e1 en la Segunda Etapa hasta terminar el Ciclo B\u00e1sico, si Dios lo permite.<\/p>\n<p>Claudia asume cada reto como una oportunidad para aprender y as\u00ed ense\u00f1ar a las personas que le rodean como, por ejemplo, sus hijos, a quienes los orienta con las tareas de la escuela. Comenta que su clase favorita es Comunicaci\u00f3n y Lenguaje y expresa que esta etapa de su vida se encuentra prepar\u00e1ndose para ser una profesional y tener un mejor futuro, y as\u00ed ser tambi\u00e9n un ejemplo para sus compa\u00f1eros de estudio.<\/p>\n<p>Claudia agradece mucho a Fundaci\u00f3n Ramiro Castillo Love y al Programa Me Educo por la oportunidad que le brinda para continuar sus estudios, por sus \u00fatiles, materiales y apoyo recibido. Su vida ha cambiado de una manera positiva.<\/p>\n","protected":false},"excerpt":{"rendered":"<p>Claudia Mart\u00ednez vive en aldea El Chag\u00fcite del municipio de Jalapa. Estudia en la Primera Etapa del Programa Me Educo de Primaria Acelerada equivalente a segundo y tercero primaria, ya que desea aprender y mejorar cada d\u00eda m\u00e1s en su educaci\u00f3n. Claudia relata que cuando&#8230;<\/p>\n","protected":false},"author":6,"featured_media":1144,"comment_status":"open","ping_status":"open","sticky":false,"template":"","format":"standard","meta":{"footnotes":""},"categories":[6],"tags":[],"class_list":["post-864","post","type-post","status-publish","format-standard","has-post-thumbnail","hentry","category-historias-de-vida-escritas"],"_links":{"self":[{"href":"https:\/\/www.corporacionbi.com\/gt\/frcl\/wp-json\/wp\/v2\/posts\/864","targetHints":{"allow":["GET"]}}],"collection":[{"href":"https:\/\/www.corporacionbi.com\/gt\/frcl\/wp-json\/wp\/v2\/posts"}],"about":[{"href":"https:\/\/www.corporacionbi.com\/gt\/frcl\/wp-json\/wp\/v2\/types\/post"}],"author":[{"embeddable":true,"href":"https:\/\/www.corporacionbi.com\/gt\/frcl\/wp-json\/wp\/v2\/users\/6"}],"replies":[{"embeddable":true,"href":"https:\/\/www.corporacionbi.com\/gt\/frcl\/wp-json\/wp\/v2\/comments?post=864"}],"version-history":[{"count":1,"href":"https:\/\/www.corporacionbi.com\/gt\/frcl\/wp-json\/wp\/v2\/posts\/864\/revisions"}],"predecessor-version":[{"id":866,"href":"https:\/\/www.corporacionbi.com\/gt\/frcl\/wp-json\/wp\/v2\/posts\/864\/revisions\/866"}],"wp:featuredmedia":[{"embeddable":true,"href":"https:\/\/www.corporacionbi.com\/gt\/frcl\/wp-json\/wp\/v2\/media\/1144"}],"wp:attachment":[{"href":"https:\/\/www.corporacionbi.com\/gt\/frcl\/wp-json\/wp\/v2\/media?parent=864"}],"wp:term":[{"taxonomy":"category","embeddable":true,"href":"https:\/\/www.corporacionbi.com\/gt\/frcl\/wp-json\/wp\/v2\/categories?post=864"},{"taxonomy":"post_tag","embeddable":true,"href":"https:\/\/www.corporacionbi.com\/gt\/frcl\/wp-json\/wp\/v2\/tags?post=864"}],"curies":[{"name":"wp","href":"https:\/\/api.w.org\/{rel}","templated":true}]}}