{"id":641,"date":"2023-10-04T01:13:45","date_gmt":"2023-10-03T19:13:45","guid":{"rendered":"https:\/\/www.corporacionbi.com\/gt\/frcl\/?p=641"},"modified":"2023-10-04T02:35:46","modified_gmt":"2023-10-03T20:35:46","slug":"conmemoracion-internacional-de-la-alfabetizacion","status":"publish","type":"post","link":"https:\/\/www.corporacionbi.com\/gt\/frcl\/conmemoracion-internacional-de-la-alfabetizacion\/","title":{"rendered":"Conmemoraci\u00f3n Internacional de la Alfabetizaci\u00f3n"},"content":{"rendered":"<p>La Organizaci\u00f3n de las Naciones Unidas para la Educaci\u00f3n, la Ciencia y la Cultura, UNESCO, como mundialmente se le conoce por sus siglas en ingl\u00e9s, en el a\u00f1o de 1,967 declar\u00f3 el 8 de septiembre como el D\u00eda Internacional de la Alfabetizaci\u00f3n. Este d\u00eda se celebra alrededor del planeta con el objetivo de que la poblaci\u00f3n tenga presente la importancia que el tema tiene en la sociedad.<\/p>\n<p>De acuerdo a la UNESCO con base en informaci\u00f3n estad\u00edstica de cada uno de los pa\u00edses calcula que alrededor de 763 millones de j\u00f3venes y adultos a\u00fan no pueden leer y escribir, y luego de las crisis sobre todo sanitarias, del clima y de conflictos, estos desaf\u00edos siguen siendo latentes. Sin embargo, la Educaci\u00f3n para J\u00f3venes y Adultos (EPJA) se ha de ver como un aprendizaje a lo largo de la vida que incluye la alfabetizaci\u00f3n y m\u00e1s all\u00e1, donde las personas reciban formaci\u00f3n en habilidades para el trabajo y la vida.<\/p>\n<p>El \u00cdndice de Analfabetismo m\u00e1s reciente de Guatemala, de acuerdo al Comit\u00e9 Nacional de Alfabetizaci\u00f3n (CONALFA), en el a\u00f1o 2022 se sit\u00faa en un 16.62%, es decir, cerca de 17 de cada 100 personas de 15 a\u00f1os de edad y m\u00e1s a\u00fan no pueden leer y escribir. Esto es, un poco m\u00e1s de 1.9 millones de personas. CONALFA report\u00f3 que en el mismo a\u00f1o inscribi\u00f3 a un total de 115,669 personas tanto en la etapa de alfabetizaci\u00f3n equivalente a primero primaria como en las dos siguientes etapas de postalfabetizaci\u00f3n, hasta completar sexto primaria.<\/p>\n<p>Por su parte, el Ministerio de Educaci\u00f3n (MINEDUC), en educaci\u00f3n extraescolar<a href=\"#_ftn1\" name=\"_ftnref1\">[1]<\/a>, en el a\u00f1o 2022 atendi\u00f3 a 58,224 estudiantes en los diferentes programas, como el Programa de Educaci\u00f3n Primaria de Adultos por Correspondencia (PEAC); el Programa de Modalidades Flexibles de Ciclo B\u00e1sico y Diversificado; el Programa Nacional de Educaci\u00f3n Alternativa (PRONEA); el Programa N\u00facleos Familiares Educativos para el Desarrollo (NUFED) y el Programa Centros Municipales de Capacitaci\u00f3n y Formaci\u00f3n Humana (CEMUCAF). Es evidente que la EPJA tiene grandes retos.<\/p>\n<p>Desde Fundaci\u00f3n Ramiro Castillo Love nos unimos a la celebraci\u00f3n por el D\u00eda Internacional de la Alfabetizaci\u00f3n y estamos conscientes de la gran importancia del tema para el desarrollo personal, familiar y del pa\u00eds, para cada uno de los guatemaltecos. Desde hace 30 a\u00f1os hemos contribuido de forma ininterrumpida a proveer educaci\u00f3n gratuita a m\u00e1s de medio mill\u00f3n de personas y, lo continuamos haciendo, adem\u00e1s de apoyar con formaci\u00f3n en habilidades para la vida y el trabajo, apoyo nutricional y tecnol\u00f3gico, porque sabemos que la educaci\u00f3n cambiar\u00e1 nuestro futuro y el de nuestro pa\u00eds.<\/p>\n<p>&nbsp;<\/p>\n<p><a href=\"#_ftnref1\" name=\"_ftn1\">[1]<\/a> SICOIN Web, MINFIN, 2022<\/p>\n","protected":false},"excerpt":{"rendered":"<p>La Organizaci\u00f3n de las Naciones Unidas para la Educaci\u00f3n, la Ciencia y la Cultura, UNESCO, como mundialmente se le conoce por sus siglas en ingl\u00e9s, en el a\u00f1o de 1,967 declar\u00f3 el 8 de septiembre como el D\u00eda Internacional de la Alfabetizaci\u00f3n. Este d\u00eda se&#8230;<\/p>\n","protected":false},"author":4,"featured_media":650,"comment_status":"open","ping_status":"open","sticky":false,"template":"","format":"standard","meta":{"footnotes":""},"categories":[9],"tags":[],"class_list":["post-641","post","type-post","status-publish","format-standard","has-post-thumbnail","hentry","category-articulos-de-educacion"],"_links":{"self":[{"href":"https:\/\/www.corporacionbi.com\/gt\/frcl\/wp-json\/wp\/v2\/posts\/641","targetHints":{"allow":["GET"]}}],"collection":[{"href":"https:\/\/www.corporacionbi.com\/gt\/frcl\/wp-json\/wp\/v2\/posts"}],"about":[{"href":"https:\/\/www.corporacionbi.com\/gt\/frcl\/wp-json\/wp\/v2\/types\/post"}],"author":[{"embeddable":true,"href":"https:\/\/www.corporacionbi.com\/gt\/frcl\/wp-json\/wp\/v2\/users\/4"}],"replies":[{"embeddable":true,"href":"https:\/\/www.corporacionbi.com\/gt\/frcl\/wp-json\/wp\/v2\/comments?post=641"}],"version-history":[{"count":1,"href":"https:\/\/www.corporacionbi.com\/gt\/frcl\/wp-json\/wp\/v2\/posts\/641\/revisions"}],"predecessor-version":[{"id":642,"href":"https:\/\/www.corporacionbi.com\/gt\/frcl\/wp-json\/wp\/v2\/posts\/641\/revisions\/642"}],"wp:featuredmedia":[{"embeddable":true,"href":"https:\/\/www.corporacionbi.com\/gt\/frcl\/wp-json\/wp\/v2\/media\/650"}],"wp:attachment":[{"href":"https:\/\/www.corporacionbi.com\/gt\/frcl\/wp-json\/wp\/v2\/media?parent=641"}],"wp:term":[{"taxonomy":"category","embeddable":true,"href":"https:\/\/www.corporacionbi.com\/gt\/frcl\/wp-json\/wp\/v2\/categories?post=641"},{"taxonomy":"post_tag","embeddable":true,"href":"https:\/\/www.corporacionbi.com\/gt\/frcl\/wp-json\/wp\/v2\/tags?post=641"}],"curies":[{"name":"wp","href":"https:\/\/api.w.org\/{rel}","templated":true}]}}