{"id":637,"date":"2023-10-04T01:12:13","date_gmt":"2023-10-03T19:12:13","guid":{"rendered":"https:\/\/www.corporacionbi.com\/gt\/frcl\/?p=637"},"modified":"2024-01-03T18:10:25","modified_gmt":"2024-01-03T12:10:25","slug":"wendy-encontro-apoyo-y-una-mano-amiga-en-su-reinsercion","status":"publish","type":"post","link":"https:\/\/www.corporacionbi.com\/gt\/frcl\/wendy-encontro-apoyo-y-una-mano-amiga-en-su-reinsercion\/","title":{"rendered":"Wendy encontr\u00f3 apoyo y una mano amiga en su reinserci\u00f3n"},"content":{"rendered":"<p>Wendy L\u00f3pez dej\u00f3 de estudiar a los 13 a\u00f1os de edad debido a que sus padres no pudieron apoyarla. Cuando ten\u00eda 15 a\u00f1os result\u00f3 embarazada, esper\u00f3 con muchas ansias a su beb\u00e9, quien naci\u00f3 en febrero de 2006 y la llam\u00f3 Melany, convirti\u00e9ndose as\u00ed en madre y ama de casa.<\/p>\n<p>Cuando su hija ten\u00eda un mes con veinte d\u00edas de nacida, la atac\u00f3 una fuerte enfermedad a quien los m\u00e9dicos no encontraban respuesta y cada d\u00eda empeoraba m\u00e1s y m\u00e1s en el hospital. Wendy con el coraz\u00f3n desgarrado, triste y desesperada, clam\u00f3 a Dios y le dijo que si su hija era para ella que la ayudara a salir sana y salva del hospital, y si no, entonces que se la entregaba. Al d\u00eda siguiente su hija sali\u00f3 de cuidados intensivos del hospital y san\u00f3.<\/p>\n<p>El tiempo pas\u00f3 y Wendy se separ\u00f3 de su esposo, qued\u00e1ndose ella a cargo de su hija con el apoyo de su mam\u00e1. Despu\u00e9s de cuatro a\u00f1os trataron de arreglar las cosas con su pareja y volver a unirse, pero no funcion\u00f3, quedando nuevamente embarazada y naci\u00f3 su segunda hija a quien llam\u00f3 Karla. Tiempo despu\u00e9s muri\u00f3 la madre de Wendy, una mujer ejemplar y que le brind\u00f3 su apoyo incondicional.<\/p>\n<p>Por errores de la vida Wendy estuvo recluida, fue sentenciada a nueve a\u00f1os de prisi\u00f3n. Por su buena conducta y sus deseos de superaci\u00f3n a trav\u00e9s del estudio y trabajo, le dieron libertad a los 6 a\u00f1os. Ahora ha tratado de reintegrarse a la sociedad y, gracias a Dios y a la Fundaci\u00f3n Ramiro Castillo Love, ha encontrado mucho apoyo y una mano amiga para lograrlo. Actualmente, estudia en el Programa Me Educo de Primaria Acelerada, en la Segunda Etapa equivalente a cuarto, quinto y sexto primaria en el Municipio de Santa Luc\u00eda Milpas Altas del Departamento de Sacatep\u00e9quez.<\/p>\n<p>Wendy da gracias a las personas involucradas por la oportunidad de estudios que se le brinda, ella aprovecha su tiempo para estudiar y seg\u00fan lo menciona, lograr cumplir sus metas y objetivos para ser alguien importante en la sociedad.<\/p>\n<p>&nbsp;<\/p>\n","protected":false},"excerpt":{"rendered":"<p>Wendy L\u00f3pez dej\u00f3 de estudiar a los 13 a\u00f1os de edad debido a que sus padres no pudieron apoyarla. Cuando ten\u00eda 15 a\u00f1os result\u00f3 embarazada, esper\u00f3 con muchas ansias a su beb\u00e9, quien naci\u00f3 en febrero de 2006 y la llam\u00f3 Melany, convirti\u00e9ndose as\u00ed en&#8230;<\/p>\n","protected":false},"author":4,"featured_media":1157,"comment_status":"open","ping_status":"open","sticky":false,"template":"","format":"standard","meta":{"footnotes":""},"categories":[6],"tags":[],"class_list":["post-637","post","type-post","status-publish","format-standard","has-post-thumbnail","hentry","category-historias-de-vida-escritas"],"_links":{"self":[{"href":"https:\/\/www.corporacionbi.com\/gt\/frcl\/wp-json\/wp\/v2\/posts\/637","targetHints":{"allow":["GET"]}}],"collection":[{"href":"https:\/\/www.corporacionbi.com\/gt\/frcl\/wp-json\/wp\/v2\/posts"}],"about":[{"href":"https:\/\/www.corporacionbi.com\/gt\/frcl\/wp-json\/wp\/v2\/types\/post"}],"author":[{"embeddable":true,"href":"https:\/\/www.corporacionbi.com\/gt\/frcl\/wp-json\/wp\/v2\/users\/4"}],"replies":[{"embeddable":true,"href":"https:\/\/www.corporacionbi.com\/gt\/frcl\/wp-json\/wp\/v2\/comments?post=637"}],"version-history":[{"count":1,"href":"https:\/\/www.corporacionbi.com\/gt\/frcl\/wp-json\/wp\/v2\/posts\/637\/revisions"}],"predecessor-version":[{"id":638,"href":"https:\/\/www.corporacionbi.com\/gt\/frcl\/wp-json\/wp\/v2\/posts\/637\/revisions\/638"}],"wp:featuredmedia":[{"embeddable":true,"href":"https:\/\/www.corporacionbi.com\/gt\/frcl\/wp-json\/wp\/v2\/media\/1157"}],"wp:attachment":[{"href":"https:\/\/www.corporacionbi.com\/gt\/frcl\/wp-json\/wp\/v2\/media?parent=637"}],"wp:term":[{"taxonomy":"category","embeddable":true,"href":"https:\/\/www.corporacionbi.com\/gt\/frcl\/wp-json\/wp\/v2\/categories?post=637"},{"taxonomy":"post_tag","embeddable":true,"href":"https:\/\/www.corporacionbi.com\/gt\/frcl\/wp-json\/wp\/v2\/tags?post=637"}],"curies":[{"name":"wp","href":"https:\/\/api.w.org\/{rel}","templated":true}]}}