{"id":627,"date":"2023-10-04T01:09:08","date_gmt":"2023-10-03T19:09:08","guid":{"rendered":"https:\/\/www.corporacionbi.com\/gt\/frcl\/?p=627"},"modified":"2024-01-03T18:16:40","modified_gmt":"2024-01-03T12:16:40","slug":"un-obstaculo-que-no-detuvo-a-pedro","status":"publish","type":"post","link":"https:\/\/www.corporacionbi.com\/gt\/frcl\/un-obstaculo-que-no-detuvo-a-pedro\/","title":{"rendered":"Un obst\u00e1culo que no detuvo a Pedro"},"content":{"rendered":"<p>Pedro Tulux\u00e1n, es un joven reconocido por su personalidad en su comunidad Paraje Chitiu, Santa Mar\u00eda Chiquimula, Totonicap\u00e1n. Vive con su madre quien siempre le ha apoyado dentro de sus posibilidades. \u00c9l se siente feliz por estar en el programa Me Educo de Fundaci\u00f3n Ramiro Castillo Love, en la segunda etapa de primaria acelerada y de haber sido tomado en cuenta. En la escuela donde estudi\u00f3 solo logr\u00f3 finalizar cuarto primaria. Luego se volvi\u00f3 a inscribir y seg\u00fan comenta lastimosamente no se le permiti\u00f3 porque ya ten\u00eda 19 a\u00f1os de edad. Pedro sinti\u00f3 que fue tratado con indiferencia y esto lo llev\u00f3 a retirar su papeler\u00eda para buscar otra alternativa y seguir estudiando.<\/p>\n<p>Pedro est\u00e1 interesado en seguir aprendiendo y terminar sexto primaria. Agradece a Fundaci\u00f3n Ramiro Castillo Love por tomarlo en cuenta, asimismo por sus cuadernos, libros y lapiceros que se le han proporcionado y por la paciencia de su tutor German Castro en todo lo que le ha estado ense\u00f1ando. Menciona tambi\u00e9n que el personal del Programa Me Educo fue el \u00fanico que se acerc\u00f3 a su comunidad y le ayud\u00f3 a darle seguimiento a su formaci\u00f3n. Desea muchas bendiciones por la ayuda recibida.<\/p>\n","protected":false},"excerpt":{"rendered":"<p>Pedro Tulux\u00e1n, es un joven reconocido por su personalidad en su comunidad Paraje Chitiu, Santa Mar\u00eda Chiquimula, Totonicap\u00e1n. Vive con su madre quien siempre le ha apoyado dentro de sus posibilidades. \u00c9l se siente feliz por estar en el programa Me Educo de Fundaci\u00f3n Ramiro&#8230;<\/p>\n","protected":false},"author":4,"featured_media":1160,"comment_status":"open","ping_status":"open","sticky":false,"template":"","format":"standard","meta":{"footnotes":""},"categories":[6],"tags":[],"class_list":["post-627","post","type-post","status-publish","format-standard","has-post-thumbnail","hentry","category-historias-de-vida-escritas"],"_links":{"self":[{"href":"https:\/\/www.corporacionbi.com\/gt\/frcl\/wp-json\/wp\/v2\/posts\/627","targetHints":{"allow":["GET"]}}],"collection":[{"href":"https:\/\/www.corporacionbi.com\/gt\/frcl\/wp-json\/wp\/v2\/posts"}],"about":[{"href":"https:\/\/www.corporacionbi.com\/gt\/frcl\/wp-json\/wp\/v2\/types\/post"}],"author":[{"embeddable":true,"href":"https:\/\/www.corporacionbi.com\/gt\/frcl\/wp-json\/wp\/v2\/users\/4"}],"replies":[{"embeddable":true,"href":"https:\/\/www.corporacionbi.com\/gt\/frcl\/wp-json\/wp\/v2\/comments?post=627"}],"version-history":[{"count":1,"href":"https:\/\/www.corporacionbi.com\/gt\/frcl\/wp-json\/wp\/v2\/posts\/627\/revisions"}],"predecessor-version":[{"id":628,"href":"https:\/\/www.corporacionbi.com\/gt\/frcl\/wp-json\/wp\/v2\/posts\/627\/revisions\/628"}],"wp:featuredmedia":[{"embeddable":true,"href":"https:\/\/www.corporacionbi.com\/gt\/frcl\/wp-json\/wp\/v2\/media\/1160"}],"wp:attachment":[{"href":"https:\/\/www.corporacionbi.com\/gt\/frcl\/wp-json\/wp\/v2\/media?parent=627"}],"wp:term":[{"taxonomy":"category","embeddable":true,"href":"https:\/\/www.corporacionbi.com\/gt\/frcl\/wp-json\/wp\/v2\/categories?post=627"},{"taxonomy":"post_tag","embeddable":true,"href":"https:\/\/www.corporacionbi.com\/gt\/frcl\/wp-json\/wp\/v2\/tags?post=627"}],"curies":[{"name":"wp","href":"https:\/\/api.w.org\/{rel}","templated":true}]}}