{"id":537,"date":"2023-10-03T03:34:23","date_gmt":"2023-10-02T21:34:23","guid":{"rendered":"https:\/\/www.corporacionbi.com\/gt\/frcl\/?p=537"},"modified":"2024-01-03T18:21:09","modified_gmt":"2024-01-03T12:21:09","slug":"una-valiosa-segunda-oportunidad-la-historia-de-martin-macario","status":"publish","type":"post","link":"https:\/\/www.corporacionbi.com\/gt\/frcl\/una-valiosa-segunda-oportunidad-la-historia-de-martin-macario\/","title":{"rendered":"Una valiosa segunda oportunidad, la historia de Mart\u00edn Macario"},"content":{"rendered":"<p>Mart\u00edn Macario es padre de familia y vive en el municipio de Santiago Sacatep\u00e9quez del departamento de Sacatep\u00e9quez.\u00a0 Cuando ten\u00eda 7 a\u00f1os su padre falleci\u00f3 y su madre estuvo con ellos y los ayud\u00f3 a que salieran adelante.\u00a0 Sin embargo, la situaci\u00f3n econ\u00f3mica de su familia era precaria y al pasar de los a\u00f1os, cuando ten\u00eda 15 debido a esta situaci\u00f3n decidi\u00f3 trabajar y seg\u00fan comenta esta fue la causa de que abandonara sus estudios, ya que se dedicaba a lo laboral a tiempo completo.<\/p>\n<p>Mart\u00edn desempe\u00f1\u00f3 una serie de labores.\u00a0 Trabaj\u00f3 en una arenera de 6 de la ma\u00f1ana a 5 de la tarde, en donde extra\u00eda arena en unas cuevas.\u00a0 Labor\u00f3 tambi\u00e9n como ayudante de alba\u00f1iler\u00eda, ayudante de buses locales y extraurbanos y fue piloto de moto taxi, entre otros.\u00a0 Su madre lo apoy\u00f3 en todo momento, ella evit\u00f3 que se involucrara en pandillas y comparte que por esta raz\u00f3n \u00e9l sigue con vida, ya que varios de sus compa\u00f1eros y amigos fallecieron en ri\u00f1as.<\/p>\n<p>Mart\u00edn ve a sus hijos de 10 y 8 a\u00f1os y agradece a Fundaci\u00f3n Ramiro Castillo Love por darle una segunda oportunidad para retomar sus estudios del ciclo b\u00e1sico, del nivel medio, para prepararse y darle una mejor vida a su familia.<\/p>\n<p>Mart\u00edn expresa: \u201cpor medio de la educaci\u00f3n que recibo obtendr\u00e9 mejores oportunidades de trabajo, mejores ingresos y sobre todo podr\u00e9 seguir disfrutando con mi familia las bendiciones que hoy tengo\u201d.<\/p>\n<p>\u00a1Te felicitamos Mart\u00edn, eres un ejemplo a seguir!<\/p>\n","protected":false},"excerpt":{"rendered":"<p>Mart\u00edn Macario es padre de familia y vive en el municipio de Santiago Sacatep\u00e9quez del departamento de Sacatep\u00e9quez.\u00a0 Cuando ten\u00eda 7 a\u00f1os su padre falleci\u00f3 y su madre estuvo con ellos y los ayud\u00f3 a que salieran adelante.\u00a0 Sin embargo, la situaci\u00f3n econ\u00f3mica de su&#8230;<\/p>\n","protected":false},"author":4,"featured_media":1159,"comment_status":"open","ping_status":"open","sticky":false,"template":"","format":"standard","meta":{"footnotes":""},"categories":[6],"tags":[],"class_list":["post-537","post","type-post","status-publish","format-standard","has-post-thumbnail","hentry","category-historias-de-vida-escritas"],"_links":{"self":[{"href":"https:\/\/www.corporacionbi.com\/gt\/frcl\/wp-json\/wp\/v2\/posts\/537","targetHints":{"allow":["GET"]}}],"collection":[{"href":"https:\/\/www.corporacionbi.com\/gt\/frcl\/wp-json\/wp\/v2\/posts"}],"about":[{"href":"https:\/\/www.corporacionbi.com\/gt\/frcl\/wp-json\/wp\/v2\/types\/post"}],"author":[{"embeddable":true,"href":"https:\/\/www.corporacionbi.com\/gt\/frcl\/wp-json\/wp\/v2\/users\/4"}],"replies":[{"embeddable":true,"href":"https:\/\/www.corporacionbi.com\/gt\/frcl\/wp-json\/wp\/v2\/comments?post=537"}],"version-history":[{"count":1,"href":"https:\/\/www.corporacionbi.com\/gt\/frcl\/wp-json\/wp\/v2\/posts\/537\/revisions"}],"predecessor-version":[{"id":538,"href":"https:\/\/www.corporacionbi.com\/gt\/frcl\/wp-json\/wp\/v2\/posts\/537\/revisions\/538"}],"wp:featuredmedia":[{"embeddable":true,"href":"https:\/\/www.corporacionbi.com\/gt\/frcl\/wp-json\/wp\/v2\/media\/1159"}],"wp:attachment":[{"href":"https:\/\/www.corporacionbi.com\/gt\/frcl\/wp-json\/wp\/v2\/media?parent=537"}],"wp:term":[{"taxonomy":"category","embeddable":true,"href":"https:\/\/www.corporacionbi.com\/gt\/frcl\/wp-json\/wp\/v2\/categories?post=537"},{"taxonomy":"post_tag","embeddable":true,"href":"https:\/\/www.corporacionbi.com\/gt\/frcl\/wp-json\/wp\/v2\/tags?post=537"}],"curies":[{"name":"wp","href":"https:\/\/api.w.org\/{rel}","templated":true}]}}