{"id":499,"date":"2023-10-03T02:41:07","date_gmt":"2023-10-02T20:41:07","guid":{"rendered":"https:\/\/www.corporacionbi.com\/gt\/frcl\/?p=499"},"modified":"2024-01-03T18:23:39","modified_gmt":"2024-01-03T12:23:39","slug":"los-estudios-son-muy-importantes-para-la-vida-la-historia-de-maria-velasquez-de-momostenango","status":"publish","type":"post","link":"https:\/\/www.corporacionbi.com\/gt\/frcl\/los-estudios-son-muy-importantes-para-la-vida-la-historia-de-maria-velasquez-de-momostenango\/","title":{"rendered":"Los estudios son muy importantes para la vida la historia de Mar\u00eda Vel\u00e1squez de Momostenango"},"content":{"rendered":"<p>Mar\u00eda Vel\u00e1squez es del Caser\u00edo Jutacaj, municipio de Momostenango, del departamento de Totonicap\u00e1n.\u00a0 Dej\u00f3 sus estudios siendo jovencita al nacer su primer hijo.\u00a0 Pas\u00f3 el tiempo y se dio cuenta que los estudios son muy importantes para la vida cotidiana.\u00a0 Relata que lleg\u00f3 un momento en que ya no reconoc\u00eda algunos n\u00fameros y letras, lo cual la motiv\u00f3 a continuar su formaci\u00f3n.\u00a0 Mar\u00eda estudi\u00f3 en el Programa Me Educo de Fundaci\u00f3n Ramiro Castillo Love en la Primera Etapa de Primaria Acelerada que equivale a tercero primaria.<\/p>\n<p>Mar\u00eda es ama de casa.\u00a0 Por sus oficios le es dif\u00edcil asistir al grupo para poder recibir sus clases, sin embargo, su maestra Lucrecia Hern\u00e1ndez realiz\u00f3 visitas domiciliares en su casa y as\u00ed logr\u00f3 estudiar.\u00a0 El \u00e1rea que m\u00e1s le gust\u00f3 es Comunicaci\u00f3n y Lenguaje por los temas aprendi\u00f3.<\/p>\n<p>Mar\u00eda se siente motivada, porque el Programa Me Educo le ha brindado los materiales que necesita para aprender, entre ellos cuadernos, lapiceros, libros, borradores y sacapuntas.\u00a0 Los horarios son flexibles para recibir las clases desde su hogar.<\/p>\n<p>A pesar de los oficios de la casa y las situaciones dif\u00edciles de su hogar, ella dispone de todo su esfuerzo para avanzar y aprender en sus \u00e1reas de estudio y culminar este proceso. Ha demostrado ser una persona comprometida con su formaci\u00f3n.\u00a0 Agradece a Fundaci\u00f3n Ramiro Castillo Love y a la Asociaci\u00f3n para la Cultura y el Desarrollo (ACUDE) por la beca de estudio.<\/p>\n","protected":false},"excerpt":{"rendered":"<p>Mar\u00eda Vel\u00e1squez es del Caser\u00edo Jutacaj, municipio de Momostenango, del departamento de Totonicap\u00e1n.\u00a0 Dej\u00f3 sus estudios siendo jovencita al nacer su primer hijo.\u00a0 Pas\u00f3 el tiempo y se dio cuenta que los estudios son muy importantes para la vida cotidiana.\u00a0 Relata que lleg\u00f3 un momento&#8230;<\/p>\n","protected":false},"author":4,"featured_media":1152,"comment_status":"open","ping_status":"open","sticky":false,"template":"","format":"standard","meta":{"footnotes":""},"categories":[6],"tags":[],"class_list":["post-499","post","type-post","status-publish","format-standard","has-post-thumbnail","hentry","category-historias-de-vida-escritas"],"_links":{"self":[{"href":"https:\/\/www.corporacionbi.com\/gt\/frcl\/wp-json\/wp\/v2\/posts\/499","targetHints":{"allow":["GET"]}}],"collection":[{"href":"https:\/\/www.corporacionbi.com\/gt\/frcl\/wp-json\/wp\/v2\/posts"}],"about":[{"href":"https:\/\/www.corporacionbi.com\/gt\/frcl\/wp-json\/wp\/v2\/types\/post"}],"author":[{"embeddable":true,"href":"https:\/\/www.corporacionbi.com\/gt\/frcl\/wp-json\/wp\/v2\/users\/4"}],"replies":[{"embeddable":true,"href":"https:\/\/www.corporacionbi.com\/gt\/frcl\/wp-json\/wp\/v2\/comments?post=499"}],"version-history":[{"count":2,"href":"https:\/\/www.corporacionbi.com\/gt\/frcl\/wp-json\/wp\/v2\/posts\/499\/revisions"}],"predecessor-version":[{"id":501,"href":"https:\/\/www.corporacionbi.com\/gt\/frcl\/wp-json\/wp\/v2\/posts\/499\/revisions\/501"}],"wp:featuredmedia":[{"embeddable":true,"href":"https:\/\/www.corporacionbi.com\/gt\/frcl\/wp-json\/wp\/v2\/media\/1152"}],"wp:attachment":[{"href":"https:\/\/www.corporacionbi.com\/gt\/frcl\/wp-json\/wp\/v2\/media?parent=499"}],"wp:term":[{"taxonomy":"category","embeddable":true,"href":"https:\/\/www.corporacionbi.com\/gt\/frcl\/wp-json\/wp\/v2\/categories?post=499"},{"taxonomy":"post_tag","embeddable":true,"href":"https:\/\/www.corporacionbi.com\/gt\/frcl\/wp-json\/wp\/v2\/tags?post=499"}],"curies":[{"name":"wp","href":"https:\/\/api.w.org\/{rel}","templated":true}]}}