{"id":497,"date":"2023-10-03T02:39:41","date_gmt":"2023-10-02T20:39:41","guid":{"rendered":"https:\/\/www.corporacionbi.com\/gt\/frcl\/?p=497"},"modified":"2024-01-03T18:32:20","modified_gmt":"2024-01-03T12:32:20","slug":"suena-con-aprender-mas-terminar-sexto-primaria-y-continuar-estudiando","status":"publish","type":"post","link":"https:\/\/www.corporacionbi.com\/gt\/frcl\/suena-con-aprender-mas-terminar-sexto-primaria-y-continuar-estudiando\/","title":{"rendered":"Sue\u00f1a con aprender m\u00e1s, terminar sexto primaria y continuar estudiando"},"content":{"rendered":"<p>Mar\u00eda L\u00f3pez vive en la Aldea Veguitas del municipio de San Juan Ermita, Chiquimula, pero naci\u00f3 en la Aldea Agua Zarca del municipio de Jocot\u00e1n, Chiquimula.\u00a0 Mar\u00eda estudi\u00f3 la Primera Etapa de Primaria Acelerada equivalente a tercero primaria del Programa Me Educo de Fundaci\u00f3n Ramiro Castillo Love.<\/p>\n<p>Mar\u00eda no tuvo la oportunidad de estudiar durante su ni\u00f1ez por los escasos recursos econ\u00f3micos de su familia.\u00a0 Ella realiz\u00f3 la tarea de apoyar en la manutenci\u00f3n, cuidado y protecci\u00f3n de sus hermanos.\u00a0 Los a\u00f1os pasaron, form\u00f3 su familia y sus hijos s\u00ed pudieron estudiar con el fin de que tengan una vida diferente a la que ella y su esposo tuvieron.<\/p>\n<p>Mar\u00eda est\u00e1 muy agradecida con el Programa Me Educo, por el apoyo que dan a personas como ella.\u00a0 Gracias a su participaci\u00f3n en las clases de la Primera Etapa de Primaria Acelerada, ya puede escribir y tambi\u00e9n puede leer un poco m\u00e1s de lo que ya pod\u00eda.\u00a0 Tambi\u00e9n ha recibido el apoyo de sus hijos, porque fueron ellos los que le empezaron a ense\u00f1ar las primeras letras.\u00a0 Agradece a Fundaci\u00f3n Ramiro Castillo Love por todo el apoyo que le han brindado.\u00a0 Su sue\u00f1o es aprender m\u00e1s y poder culminar sexto primaria, espera continuar estudiando el siguiente a\u00f1o para lograr su objetivo.<\/p>\n","protected":false},"excerpt":{"rendered":"<p>Mar\u00eda L\u00f3pez vive en la Aldea Veguitas del municipio de San Juan Ermita, Chiquimula, pero naci\u00f3 en la Aldea Agua Zarca del municipio de Jocot\u00e1n, Chiquimula.\u00a0 Mar\u00eda estudi\u00f3 la Primera Etapa de Primaria Acelerada equivalente a tercero primaria del Programa Me Educo de Fundaci\u00f3n Ramiro&#8230;<\/p>\n","protected":false},"author":4,"featured_media":1151,"comment_status":"open","ping_status":"open","sticky":false,"template":"","format":"standard","meta":{"footnotes":""},"categories":[6],"tags":[],"class_list":["post-497","post","type-post","status-publish","format-standard","has-post-thumbnail","hentry","category-historias-de-vida-escritas"],"_links":{"self":[{"href":"https:\/\/www.corporacionbi.com\/gt\/frcl\/wp-json\/wp\/v2\/posts\/497","targetHints":{"allow":["GET"]}}],"collection":[{"href":"https:\/\/www.corporacionbi.com\/gt\/frcl\/wp-json\/wp\/v2\/posts"}],"about":[{"href":"https:\/\/www.corporacionbi.com\/gt\/frcl\/wp-json\/wp\/v2\/types\/post"}],"author":[{"embeddable":true,"href":"https:\/\/www.corporacionbi.com\/gt\/frcl\/wp-json\/wp\/v2\/users\/4"}],"replies":[{"embeddable":true,"href":"https:\/\/www.corporacionbi.com\/gt\/frcl\/wp-json\/wp\/v2\/comments?post=497"}],"version-history":[{"count":1,"href":"https:\/\/www.corporacionbi.com\/gt\/frcl\/wp-json\/wp\/v2\/posts\/497\/revisions"}],"predecessor-version":[{"id":498,"href":"https:\/\/www.corporacionbi.com\/gt\/frcl\/wp-json\/wp\/v2\/posts\/497\/revisions\/498"}],"wp:featuredmedia":[{"embeddable":true,"href":"https:\/\/www.corporacionbi.com\/gt\/frcl\/wp-json\/wp\/v2\/media\/1151"}],"wp:attachment":[{"href":"https:\/\/www.corporacionbi.com\/gt\/frcl\/wp-json\/wp\/v2\/media?parent=497"}],"wp:term":[{"taxonomy":"category","embeddable":true,"href":"https:\/\/www.corporacionbi.com\/gt\/frcl\/wp-json\/wp\/v2\/categories?post=497"},{"taxonomy":"post_tag","embeddable":true,"href":"https:\/\/www.corporacionbi.com\/gt\/frcl\/wp-json\/wp\/v2\/tags?post=497"}],"curies":[{"name":"wp","href":"https:\/\/api.w.org\/{rel}","templated":true}]}}