{"id":415,"date":"2023-09-30T00:51:20","date_gmt":"2023-09-29T18:51:20","guid":{"rendered":"https:\/\/www.corporacionbi.com\/gt\/frcl\/?p=415"},"modified":"2024-01-03T18:25:16","modified_gmt":"2024-01-03T12:25:16","slug":"susana-retomo-sus-estudios-y-le-gusta-mucho-las-matematicas","status":"publish","type":"post","link":"https:\/\/www.corporacionbi.com\/gt\/frcl\/susana-retomo-sus-estudios-y-le-gusta-mucho-las-matematicas\/","title":{"rendered":"Susana retom\u00f3 sus estudios y le gusta mucho las matem\u00e1ticas"},"content":{"rendered":"<p>Susana Ajanel vive en el altiplano occidental, en el municipio de Momostenango, Totonicap\u00e1n.\u00a0 En 2022 estudi\u00f3 la Primera Etapa de Primaria Acelerada correspondiente a tercero primaria del Programa Me Educo de Fundaci\u00f3n Ramiro Castillo Love.<\/p>\n<p>Susana en 2021 estudi\u00f3 la Etapa Inicial de Lectoescritura y C\u00e1lculo Matem\u00e1tico donde aprendi\u00f3 los n\u00fameros, consonantes, sumas, restas y m\u00e1s.\u00a0 El aprendizaje que obtuvo la motiv\u00f3 a continuar sus estudios durante el a\u00f1o 2022 para poder culminar su nivel primario.\u00a0 Desde muy peque\u00f1a le ha gustado estudiar, lamentablemente debido a que su madre muri\u00f3, ella menciona que no tuvo deseos de continuar su formaci\u00f3n, fue algo frustrante perder a un integrante de su familia.<\/p>\n<p>Susana se enter\u00f3 por sus vecinos que hab\u00eda personas que se reun\u00edan para estudiar.\u00a0 Ella busc\u00f3 informaci\u00f3n y le comentaron que la tutora Rosaura Ixcoy apoyaba a j\u00f3venes y adultos a terminar su nivel primario.\u00a0 Susana la contact\u00f3 y la tutora le brind\u00f3 su apoyo y orientaci\u00f3n para integrarla a un grupo de estudio.<\/p>\n<p>Susana comenta que el \u00e1rea que m\u00e1s le gusta es matem\u00e1ticas por los ejercicios que el curso conlleva.\u00a0 Esto la hace pensar y con ello poder realizar las operaciones. Agradece por el apoyo que Fundaci\u00f3n Ramiro Castillo Love ejecuta por medio de la Asociaci\u00f3n para la Cultura y el Desarrollo (ACUDE) en el Programa Me Educo.<\/p>\n<p>Susana refiere que ha aprendido bastante y los temas la han hecho analizar y recapacitar sobre ciertos puntos sobre su vida y el entorno que la rodea.\u00a0 En su comunidad se ha vuelto una persona participativa y din\u00e1mica.<\/p>\n<p>&nbsp;<\/p>\n","protected":false},"excerpt":{"rendered":"<p>Susana Ajanel vive en el altiplano occidental, en el municipio de Momostenango, Totonicap\u00e1n.\u00a0 En 2022 estudi\u00f3 la Primera Etapa de Primaria Acelerada correspondiente a tercero primaria del Programa Me Educo de Fundaci\u00f3n Ramiro Castillo Love. Susana en 2021 estudi\u00f3 la Etapa Inicial de Lectoescritura y&#8230;<\/p>\n","protected":false},"author":4,"featured_media":1156,"comment_status":"open","ping_status":"open","sticky":false,"template":"","format":"standard","meta":{"footnotes":""},"categories":[6],"tags":[],"class_list":["post-415","post","type-post","status-publish","format-standard","has-post-thumbnail","hentry","category-historias-de-vida-escritas"],"_links":{"self":[{"href":"https:\/\/www.corporacionbi.com\/gt\/frcl\/wp-json\/wp\/v2\/posts\/415","targetHints":{"allow":["GET"]}}],"collection":[{"href":"https:\/\/www.corporacionbi.com\/gt\/frcl\/wp-json\/wp\/v2\/posts"}],"about":[{"href":"https:\/\/www.corporacionbi.com\/gt\/frcl\/wp-json\/wp\/v2\/types\/post"}],"author":[{"embeddable":true,"href":"https:\/\/www.corporacionbi.com\/gt\/frcl\/wp-json\/wp\/v2\/users\/4"}],"replies":[{"embeddable":true,"href":"https:\/\/www.corporacionbi.com\/gt\/frcl\/wp-json\/wp\/v2\/comments?post=415"}],"version-history":[{"count":1,"href":"https:\/\/www.corporacionbi.com\/gt\/frcl\/wp-json\/wp\/v2\/posts\/415\/revisions"}],"predecessor-version":[{"id":416,"href":"https:\/\/www.corporacionbi.com\/gt\/frcl\/wp-json\/wp\/v2\/posts\/415\/revisions\/416"}],"wp:featuredmedia":[{"embeddable":true,"href":"https:\/\/www.corporacionbi.com\/gt\/frcl\/wp-json\/wp\/v2\/media\/1156"}],"wp:attachment":[{"href":"https:\/\/www.corporacionbi.com\/gt\/frcl\/wp-json\/wp\/v2\/media?parent=415"}],"wp:term":[{"taxonomy":"category","embeddable":true,"href":"https:\/\/www.corporacionbi.com\/gt\/frcl\/wp-json\/wp\/v2\/categories?post=415"},{"taxonomy":"post_tag","embeddable":true,"href":"https:\/\/www.corporacionbi.com\/gt\/frcl\/wp-json\/wp\/v2\/tags?post=415"}],"curies":[{"name":"wp","href":"https:\/\/api.w.org\/{rel}","templated":true}]}}