{"id":410,"date":"2023-09-30T00:46:49","date_gmt":"2023-09-29T18:46:49","guid":{"rendered":"https:\/\/www.corporacionbi.com\/gt\/frcl\/?p=410"},"modified":"2024-01-03T18:25:56","modified_gmt":"2024-01-03T12:25:56","slug":"elena-tiene-un-negocio-y-a-la-vez-le-gusta-aprender-a-leer-y-escribir","status":"publish","type":"post","link":"https:\/\/www.corporacionbi.com\/gt\/frcl\/elena-tiene-un-negocio-y-a-la-vez-le-gusta-aprender-a-leer-y-escribir\/","title":{"rendered":"Elena tiene un negocio y a la vez le gusta aprender a leer y escribir"},"content":{"rendered":"<p>Elena Ixcay\u00e1 estudia en la Segunda Etapa de Primaria Acelerada, equivalente a sexto primaria, en el grupo organizado de la comunidad Chi Sajquiy de San Pablo La Laguna, Solol\u00e1.<\/p>\n<p>Elena no tuvo la oportunidad de estudiar cuando era una ni\u00f1a, ya que el padre tomaba demasiadas bebidas alcoh\u00f3licas y no permit\u00eda que su hija estudiara.\u00a0 Con el paso de los a\u00f1os Elena fue aprendiendo a elaborar pelotitas artesanales con otros familiares. En la actualidad, ella se dedica a la compra y venta de pelotitas elaboradas a mano por otras mujeres, las vende en el mercado todos los d\u00edas, y es el negocio que la sostiene.<\/p>\n<p>Elena es estudiante en el Programa Me Educo.\u00a0 Desea aprender mucho a leer y a escribir en idioma espa\u00f1ol, quiere seguir participando en el Programa y as\u00ed seguir aprendiendo cosas nuevas.\u00a0 Ella quisiera tener el apoyo para continuar adelante con sus metas personales.<\/p>\n<p>Elena agradece por el apoyo brindado en este tiempo que ha estado en el Programa.\u00a0 Se despide con mucha alegr\u00eda de haber compartido su peque\u00f1a historia de vida, dese\u00e1ndoles muchas bendiciones a todas las personas que en Fundaci\u00f3n Ramiro Castillo Love han aportado para que ella pueda alcanzar su sue\u00f1o.<\/p>\n","protected":false},"excerpt":{"rendered":"<p>Elena Ixcay\u00e1 estudia en la Segunda Etapa de Primaria Acelerada, equivalente a sexto primaria, en el grupo organizado de la comunidad Chi Sajquiy de San Pablo La Laguna, Solol\u00e1. Elena no tuvo la oportunidad de estudiar cuando era una ni\u00f1a, ya que el padre tomaba&#8230;<\/p>\n","protected":false},"author":4,"featured_media":1145,"comment_status":"open","ping_status":"open","sticky":false,"template":"","format":"standard","meta":{"footnotes":""},"categories":[6],"tags":[],"class_list":["post-410","post","type-post","status-publish","format-standard","has-post-thumbnail","hentry","category-historias-de-vida-escritas"],"_links":{"self":[{"href":"https:\/\/www.corporacionbi.com\/gt\/frcl\/wp-json\/wp\/v2\/posts\/410","targetHints":{"allow":["GET"]}}],"collection":[{"href":"https:\/\/www.corporacionbi.com\/gt\/frcl\/wp-json\/wp\/v2\/posts"}],"about":[{"href":"https:\/\/www.corporacionbi.com\/gt\/frcl\/wp-json\/wp\/v2\/types\/post"}],"author":[{"embeddable":true,"href":"https:\/\/www.corporacionbi.com\/gt\/frcl\/wp-json\/wp\/v2\/users\/4"}],"replies":[{"embeddable":true,"href":"https:\/\/www.corporacionbi.com\/gt\/frcl\/wp-json\/wp\/v2\/comments?post=410"}],"version-history":[{"count":1,"href":"https:\/\/www.corporacionbi.com\/gt\/frcl\/wp-json\/wp\/v2\/posts\/410\/revisions"}],"predecessor-version":[{"id":411,"href":"https:\/\/www.corporacionbi.com\/gt\/frcl\/wp-json\/wp\/v2\/posts\/410\/revisions\/411"}],"wp:featuredmedia":[{"embeddable":true,"href":"https:\/\/www.corporacionbi.com\/gt\/frcl\/wp-json\/wp\/v2\/media\/1145"}],"wp:attachment":[{"href":"https:\/\/www.corporacionbi.com\/gt\/frcl\/wp-json\/wp\/v2\/media?parent=410"}],"wp:term":[{"taxonomy":"category","embeddable":true,"href":"https:\/\/www.corporacionbi.com\/gt\/frcl\/wp-json\/wp\/v2\/categories?post=410"},{"taxonomy":"post_tag","embeddable":true,"href":"https:\/\/www.corporacionbi.com\/gt\/frcl\/wp-json\/wp\/v2\/tags?post=410"}],"curies":[{"name":"wp","href":"https:\/\/api.w.org\/{rel}","templated":true}]}}