{"id":408,"date":"2023-09-30T00:46:01","date_gmt":"2023-09-29T18:46:01","guid":{"rendered":"https:\/\/www.corporacionbi.com\/gt\/frcl\/?p=408"},"modified":"2024-01-03T18:26:53","modified_gmt":"2024-01-03T12:26:53","slug":"un-accidente-marco-la-vida-de-isaias-pero-el-desea-continuar-estudiando","status":"publish","type":"post","link":"https:\/\/www.corporacionbi.com\/gt\/frcl\/un-accidente-marco-la-vida-de-isaias-pero-el-desea-continuar-estudiando\/","title":{"rendered":"Un accidente marc\u00f3 la vida de Isa\u00edas, pero \u00e9l desea continuar estudiando"},"content":{"rendered":"<p>Isa\u00edas Axpuac, tiene 29 a\u00f1os y es originario de Aldea el Rej\u00f3n, Sumpango Sacatep\u00e9quez, Sacatep\u00e9quez.\u00a0 Isa\u00edas dej\u00f3 de estudiar a los 9 a\u00f1os.\u00a0 Proviene de una familia de escasos recursos econ\u00f3micos.\u00a0 Su padre tom\u00f3 la decisi\u00f3n de ense\u00f1arle a trabajar en la agricultura, desde entonces lo ayuda y lo que gana le ha ayudado para sustentar a su familia.\u00a0 Lo que m\u00e1s desea es sacar adelante a sus hijos por medio de la educaci\u00f3n y sabe que \u00e9l tambi\u00e9n debe aprender.<\/p>\n<p>En una ocasi\u00f3n un amigo le cont\u00f3 que la Fundaci\u00f3n Ramiro Castillo Love estaba presente en la aldea y estaba dando la oportunidad de retomar los estudios.\u00a0 Al escuchar esto tom\u00f3 la decisi\u00f3n de seguir estudiando.\u00a0 Una semana antes de empezar el proceso educativo tuvo un accidente, esta situaci\u00f3n ha provocado que tenga problemas de movilidad, da \u00fanicamente unos pasos apoy\u00e1ndose de un andador.\u00a0 Este escenario ha sido dif\u00edcil para su familia, porque les ha causado problemas econ\u00f3micos teniendo que limitar sus gastos.\u00a0 A pesar de esto, Dios no lo ha abandonado y su deseo es seguir estudiando, poder graduarse y ser un ejemplo para sus hijos.\u00a0 Actualmente est\u00e1 en la Segunda Etapa de Primaria Acelerada equivalente a sexto primaria.<\/p>\n<p>Isa\u00edas agradece por la ayuda que le est\u00e1n brindado en especial a la Fundaci\u00f3n y a la maestra que llega hasta su casa a darle clases a pesar de la limitaci\u00f3n que tiene y sobre todo por los libros que le obsequiaron.\u00a0 \u00c9l desea de todo coraz\u00f3n que alg\u00fan d\u00eda pueda encontrar un trabajo y ser ejemplo para su familia.\u00a0 Manifiesta: \u201cde todo coraz\u00f3n Dios recompense grandemente a las personas que no me han abandonado\u201d.<\/p>\n","protected":false},"excerpt":{"rendered":"<p>Isa\u00edas Axpuac, tiene 29 a\u00f1os y es originario de Aldea el Rej\u00f3n, Sumpango Sacatep\u00e9quez, Sacatep\u00e9quez.\u00a0 Isa\u00edas dej\u00f3 de estudiar a los 9 a\u00f1os.\u00a0 Proviene de una familia de escasos recursos econ\u00f3micos.\u00a0 Su padre tom\u00f3 la decisi\u00f3n de ense\u00f1arle a trabajar en la agricultura, desde entonces&#8230;<\/p>\n","protected":false},"author":4,"featured_media":1158,"comment_status":"open","ping_status":"open","sticky":false,"template":"","format":"standard","meta":{"footnotes":""},"categories":[6],"tags":[],"class_list":["post-408","post","type-post","status-publish","format-standard","has-post-thumbnail","hentry","category-historias-de-vida-escritas"],"_links":{"self":[{"href":"https:\/\/www.corporacionbi.com\/gt\/frcl\/wp-json\/wp\/v2\/posts\/408","targetHints":{"allow":["GET"]}}],"collection":[{"href":"https:\/\/www.corporacionbi.com\/gt\/frcl\/wp-json\/wp\/v2\/posts"}],"about":[{"href":"https:\/\/www.corporacionbi.com\/gt\/frcl\/wp-json\/wp\/v2\/types\/post"}],"author":[{"embeddable":true,"href":"https:\/\/www.corporacionbi.com\/gt\/frcl\/wp-json\/wp\/v2\/users\/4"}],"replies":[{"embeddable":true,"href":"https:\/\/www.corporacionbi.com\/gt\/frcl\/wp-json\/wp\/v2\/comments?post=408"}],"version-history":[{"count":1,"href":"https:\/\/www.corporacionbi.com\/gt\/frcl\/wp-json\/wp\/v2\/posts\/408\/revisions"}],"predecessor-version":[{"id":409,"href":"https:\/\/www.corporacionbi.com\/gt\/frcl\/wp-json\/wp\/v2\/posts\/408\/revisions\/409"}],"wp:featuredmedia":[{"embeddable":true,"href":"https:\/\/www.corporacionbi.com\/gt\/frcl\/wp-json\/wp\/v2\/media\/1158"}],"wp:attachment":[{"href":"https:\/\/www.corporacionbi.com\/gt\/frcl\/wp-json\/wp\/v2\/media?parent=408"}],"wp:term":[{"taxonomy":"category","embeddable":true,"href":"https:\/\/www.corporacionbi.com\/gt\/frcl\/wp-json\/wp\/v2\/categories?post=408"},{"taxonomy":"post_tag","embeddable":true,"href":"https:\/\/www.corporacionbi.com\/gt\/frcl\/wp-json\/wp\/v2\/tags?post=408"}],"curies":[{"name":"wp","href":"https:\/\/api.w.org\/{rel}","templated":true}]}}