{"id":406,"date":"2023-09-30T00:01:12","date_gmt":"2023-09-29T18:01:12","guid":{"rendered":"https:\/\/www.corporacionbi.com\/gt\/frcl\/?p=406"},"modified":"2024-01-03T18:28:59","modified_gmt":"2024-01-03T12:28:59","slug":"tejer-bordar-confeccionar-y-estudiar-la-formula-de-sonia","status":"publish","type":"post","link":"https:\/\/www.corporacionbi.com\/gt\/frcl\/tejer-bordar-confeccionar-y-estudiar-la-formula-de-sonia\/","title":{"rendered":"Tejer, bordar, confeccionar y estudiar, la f\u00f3rmula de Sonia"},"content":{"rendered":"<p>Sonia Zil tiene 30 a\u00f1os y vive en la Aldea Santa Maria Cauqu\u00e9 del municipio de Santiago Sacatep\u00e9quez, departamento de Sacatep\u00e9quez.\u00a0 Actualmente se encuentra estudiando en la Segunda Etapa de Primaria Acelerada equivalente a sexto primaria.<\/p>\n<p>Sonia comparte que estudiar la hace feliz ya que a los 10 a\u00f1os dej\u00f3 de hacerlo, debido a que su mam\u00e1 se enferm\u00f3 y ella por ser la hermana mayor se encarg\u00f3 de cuidarla.\u00a0 Hoy en d\u00eda trabaja al lado de su pap\u00e1 en la agricultura.\u00a0 Cierta vez una vecina le coment\u00f3 que ir\u00eda a estudiar y la invit\u00f3 a inscribirse.\u00a0 Sonia no estaba segura de hacerlo.\u00a0 La vecina al ver la situaci\u00f3n que viv\u00eda a diario la volvi\u00f3 a invitar y la anim\u00f3 a inscribirse en un grupo con la tutora Marleny Quex, quien con gusto la recibi\u00f3.\u00a0 Al transcurrir del tiempo se dio cuenta que era buena estudiante y que aprend\u00eda muy r\u00e1pido, y eso la motiv\u00f3 para continuar asistiendo.<\/p>\n<p>Sonia cuando ten\u00eda 11 a\u00f1os de edad su abuela materna le ense\u00f1\u00f3 el arte de tejer y bordar a mano.\u00a0 Su sue\u00f1o era tener una m\u00e1quina de coser as\u00ed que se propuso a ahorrar y con la ayuda de sus padres logr\u00f3 comprar una m\u00e1quina usada, pero lamentablemente no pudo utilizarla.\u00a0 Busc\u00f3 a una persona que le ayudara a aprender a confeccionar prendas, pero no tuvo buenos resultados. Decidi\u00f3 experimentar por ella misma y se propuso a aprender a utilizarla.\u00a0 Por las noches se desvelaba con el fin de buscar c\u00f3mo poner la m\u00e1quina en funcionamiento, hasta que un d\u00eda lo logr\u00f3, pero ten\u00eda otro problema: no sab\u00eda el procedimiento a seguir para poder confeccionar diferentes prendas de vestir.\u00a0 En cierta ocasi\u00f3n fue a una tienda de ropa y observ\u00f3 c\u00f3mo elaboraban patrones, tom\u00f3 el ejemplo y esto la ayud\u00f3 a elaborar sus primeros trabajos, con esto logr\u00f3 utilizar su m\u00e1quina.\u00a0 Ella manifiesta que a\u00fan desea aprender m\u00e1s. Comenta que estudiando conoci\u00f3 a personal de la municipalidad local, quienes la invitaron a tomar cursos por parte de la casa edil, esto fue complemento para poder emprender.<\/p>\n<p>Sonia en la actualidad elabora sus propios dise\u00f1os y productos a pesar de las dificultades.\u00a0 Ella vende en ferias de emprendimiento sus productos y con lo que ha aprendido en sus estudios de la Segunda Etapa de Primaria Acelerada ahora puede escribir el listado de materiales que necesita y sobre todo puede hacer cuentas e inventarios. Est\u00e1 feliz con sus logros, pero no satisfecha, seguir\u00e1 estudiando para cambiar su vida.<\/p>\n<p>Agradece a Fundaci\u00f3n Ramiro Castillo Love, ya que gracias a su participaci\u00f3n en los grupos del Programa Me Educo se le han abierto puertas para emprender.<\/p>\n","protected":false},"excerpt":{"rendered":"<p>Sonia Zil tiene 30 a\u00f1os y vive en la Aldea Santa Maria Cauqu\u00e9 del municipio de Santiago Sacatep\u00e9quez, departamento de Sacatep\u00e9quez.\u00a0 Actualmente se encuentra estudiando en la Segunda Etapa de Primaria Acelerada equivalente a sexto primaria. Sonia comparte que estudiar la hace feliz ya que&#8230;<\/p>\n","protected":false},"author":4,"featured_media":1155,"comment_status":"open","ping_status":"open","sticky":false,"template":"","format":"standard","meta":{"footnotes":""},"categories":[6],"tags":[],"class_list":["post-406","post","type-post","status-publish","format-standard","has-post-thumbnail","hentry","category-historias-de-vida-escritas"],"_links":{"self":[{"href":"https:\/\/www.corporacionbi.com\/gt\/frcl\/wp-json\/wp\/v2\/posts\/406","targetHints":{"allow":["GET"]}}],"collection":[{"href":"https:\/\/www.corporacionbi.com\/gt\/frcl\/wp-json\/wp\/v2\/posts"}],"about":[{"href":"https:\/\/www.corporacionbi.com\/gt\/frcl\/wp-json\/wp\/v2\/types\/post"}],"author":[{"embeddable":true,"href":"https:\/\/www.corporacionbi.com\/gt\/frcl\/wp-json\/wp\/v2\/users\/4"}],"replies":[{"embeddable":true,"href":"https:\/\/www.corporacionbi.com\/gt\/frcl\/wp-json\/wp\/v2\/comments?post=406"}],"version-history":[{"count":1,"href":"https:\/\/www.corporacionbi.com\/gt\/frcl\/wp-json\/wp\/v2\/posts\/406\/revisions"}],"predecessor-version":[{"id":407,"href":"https:\/\/www.corporacionbi.com\/gt\/frcl\/wp-json\/wp\/v2\/posts\/406\/revisions\/407"}],"wp:featuredmedia":[{"embeddable":true,"href":"https:\/\/www.corporacionbi.com\/gt\/frcl\/wp-json\/wp\/v2\/media\/1155"}],"wp:attachment":[{"href":"https:\/\/www.corporacionbi.com\/gt\/frcl\/wp-json\/wp\/v2\/media?parent=406"}],"wp:term":[{"taxonomy":"category","embeddable":true,"href":"https:\/\/www.corporacionbi.com\/gt\/frcl\/wp-json\/wp\/v2\/categories?post=406"},{"taxonomy":"post_tag","embeddable":true,"href":"https:\/\/www.corporacionbi.com\/gt\/frcl\/wp-json\/wp\/v2\/tags?post=406"}],"curies":[{"name":"wp","href":"https:\/\/api.w.org\/{rel}","templated":true}]}}