{"id":395,"date":"2023-09-29T23:20:38","date_gmt":"2023-09-29T17:20:38","guid":{"rendered":"https:\/\/www.corporacionbi.com\/gt\/frcl\/?p=395"},"modified":"2024-01-03T18:30:24","modified_gmt":"2024-01-03T12:30:24","slug":"alba-desea-continuar-el-ciclo-basico-y-graduarse-de-enfermera","status":"publish","type":"post","link":"https:\/\/www.corporacionbi.com\/gt\/frcl\/alba-desea-continuar-el-ciclo-basico-y-graduarse-de-enfermera\/","title":{"rendered":"Alba desea continuar el Ciclo B\u00e1sico y graduarse de enfermera"},"content":{"rendered":"<p>Alba G\u00f3mez es de San Carlos Alzatate, Jalapa.\u00a0 Ella no tuvo la oportunidad de estudiar el nivel primario, ya que comenta que sus padres eran de escasos recursos y no ten\u00edan la posibilidad de darle esa oportunidad.\u00a0 En el a\u00f1o 2020 particip\u00f3 en un programa de alfabetizaci\u00f3n que funcion\u00f3 en su comunidad.\u00a0 Menciona que a\u00fan tiene dificultad para leer y sobre todo escribir, debido a que no recibi\u00f3 la calidad de educaci\u00f3n que esperaba, siendo ese el motivo por el cual decide buscar el apoyo del Programa Me Educo. \u00a0En el Programa considera que ha adquirido mejores conocimientos que fortalecen su lectura y escritura.<\/p>\n<p>Lo aprendido en el Programa le ha servido mucho para apoyar a sus hijas con las tareas y poder leer las notas que mandan las maestras de la escuela.\u00a0 El mayor sue\u00f1o de do\u00f1a Alba es ser enfermera.\u00a0 Ella espera lograr esa meta en un futuro.\u00a0 Este a\u00f1o culmina la Segunda Etapa de Primaria Acelerada equivalente a sexto primaria y desea continuar el Ciclo B\u00e1sico hasta cumplir el sue\u00f1o de poder ayudar a la comunidad gradu\u00e1ndose como enfermera.<\/p>\n<p>Se siente agradecida con Fundaci\u00f3n Ramiro Castillo Love por la oportunidad que se le est\u00e1 dando de poder culminar sus estudios en el Programa Me Educo.\u00a0 Agradece porque est\u00e1 recibiendo una educaci\u00f3n con calidad.<\/p>\n","protected":false},"excerpt":{"rendered":"<p>Alba G\u00f3mez es de San Carlos Alzatate, Jalapa.\u00a0 Ella no tuvo la oportunidad de estudiar el nivel primario, ya que comenta que sus padres eran de escasos recursos y no ten\u00edan la posibilidad de darle esa oportunidad.\u00a0 En el a\u00f1o 2020 particip\u00f3 en un programa&#8230;<\/p>\n","protected":false},"author":4,"featured_media":1142,"comment_status":"open","ping_status":"open","sticky":false,"template":"","format":"standard","meta":{"footnotes":""},"categories":[6],"tags":[],"class_list":["post-395","post","type-post","status-publish","format-standard","has-post-thumbnail","hentry","category-historias-de-vida-escritas"],"_links":{"self":[{"href":"https:\/\/www.corporacionbi.com\/gt\/frcl\/wp-json\/wp\/v2\/posts\/395","targetHints":{"allow":["GET"]}}],"collection":[{"href":"https:\/\/www.corporacionbi.com\/gt\/frcl\/wp-json\/wp\/v2\/posts"}],"about":[{"href":"https:\/\/www.corporacionbi.com\/gt\/frcl\/wp-json\/wp\/v2\/types\/post"}],"author":[{"embeddable":true,"href":"https:\/\/www.corporacionbi.com\/gt\/frcl\/wp-json\/wp\/v2\/users\/4"}],"replies":[{"embeddable":true,"href":"https:\/\/www.corporacionbi.com\/gt\/frcl\/wp-json\/wp\/v2\/comments?post=395"}],"version-history":[{"count":1,"href":"https:\/\/www.corporacionbi.com\/gt\/frcl\/wp-json\/wp\/v2\/posts\/395\/revisions"}],"predecessor-version":[{"id":396,"href":"https:\/\/www.corporacionbi.com\/gt\/frcl\/wp-json\/wp\/v2\/posts\/395\/revisions\/396"}],"wp:featuredmedia":[{"embeddable":true,"href":"https:\/\/www.corporacionbi.com\/gt\/frcl\/wp-json\/wp\/v2\/media\/1142"}],"wp:attachment":[{"href":"https:\/\/www.corporacionbi.com\/gt\/frcl\/wp-json\/wp\/v2\/media?parent=395"}],"wp:term":[{"taxonomy":"category","embeddable":true,"href":"https:\/\/www.corporacionbi.com\/gt\/frcl\/wp-json\/wp\/v2\/categories?post=395"},{"taxonomy":"post_tag","embeddable":true,"href":"https:\/\/www.corporacionbi.com\/gt\/frcl\/wp-json\/wp\/v2\/tags?post=395"}],"curies":[{"name":"wp","href":"https:\/\/api.w.org\/{rel}","templated":true}]}}