{"id":381,"date":"2023-09-29T22:36:18","date_gmt":"2023-09-29T16:36:18","guid":{"rendered":"https:\/\/www.corporacionbi.com\/gt\/frcl\/?p=381"},"modified":"2024-01-16T23:33:22","modified_gmt":"2024-01-16T17:33:22","slug":"armanda-suena-con-ser-enfermera-y-contribuir-con-la-ninez-y-juventud","status":"publish","type":"post","link":"https:\/\/www.corporacionbi.com\/gt\/frcl\/armanda-suena-con-ser-enfermera-y-contribuir-con-la-ninez-y-juventud\/","title":{"rendered":"Armanda sue\u00f1a con ser enfermera y contribuir con la ni\u00f1ez y juventud"},"content":{"rendered":"<p>Armanda Santiago naci\u00f3 en el municipio y departamento de Jalapa.\u00a0 Actualmente se encuentra estudiando la Primera Etapa de Primaria Acelerada equivalente a tercero primaria.\u00a0 Es una persona responsable y trabajadora.\u00a0 Le interesa mucho continuar con sus estudios, ya que por motivos econ\u00f3micos y laborales no pudo estudiar cuando era peque\u00f1a.\u00a0 Manifiesta que desea cumplir sus sue\u00f1os para darle una mejor calidad de vida a su hija Arely por quien lucha todos los d\u00edas para ser un buen ejemplo.<\/p>\n<p>Armanda relata que su ni\u00f1ez fue muy dif\u00edcil, ya que sus padres no tuvieron la oportunidad de estudiar, tambi\u00e9n ellos son un motivo m\u00e1s para esforzarse y darles todas las comodidades que merecen.\u00a0 Menciona que el estudio abre puertas y mientras Dios le regale vida seguir\u00e1 luchando por cumplir sus sue\u00f1os.<\/p>\n<p>Todos los d\u00edas se levanta muy temprano para cumplir con sus actividades diarias y su rol de madre, esposa, trabajadora y estudiante. Afirma que en un futuro alcanzar\u00e1 el sue\u00f1o de convertirse en enfermera y de esa forma contribuir\u00e1 con los ni\u00f1os, j\u00f3venes y adultos a quienes motiva para seguir estudiando.\u00a0 Ella piensa que nunca es tarde para estudiar, cada peque\u00f1o paso que damos en la vida cuenta para superarnos y ser mejores personas.<\/p>\n<p>Agradece al Programa Me Educo y a Fundaci\u00f3n Ramiro Castillo Love por darle la oportunidad de continuar con sus estudios, ya que desde el a\u00f1o pasado participa en el Programa y espera continuar el a\u00f1o entrante hasta culminar la Segunda Etapa de Primaria Acelerada correspondiente a sexto primaria.<\/p>\n","protected":false},"excerpt":{"rendered":"<p>Armanda Santiago naci\u00f3 en el municipio y departamento de Jalapa.\u00a0 Actualmente se encuentra estudiando la Primera Etapa de Primaria Acelerada equivalente a tercero primaria.\u00a0 Es una persona responsable y trabajadora.\u00a0 Le interesa mucho continuar con sus estudios, ya que por motivos econ\u00f3micos y laborales no&#8230;<\/p>\n","protected":false},"author":4,"featured_media":1143,"comment_status":"open","ping_status":"open","sticky":false,"template":"","format":"standard","meta":{"footnotes":""},"categories":[6],"tags":[],"class_list":["post-381","post","type-post","status-publish","format-standard","has-post-thumbnail","hentry","category-historias-de-vida-escritas"],"_links":{"self":[{"href":"https:\/\/www.corporacionbi.com\/gt\/frcl\/wp-json\/wp\/v2\/posts\/381","targetHints":{"allow":["GET"]}}],"collection":[{"href":"https:\/\/www.corporacionbi.com\/gt\/frcl\/wp-json\/wp\/v2\/posts"}],"about":[{"href":"https:\/\/www.corporacionbi.com\/gt\/frcl\/wp-json\/wp\/v2\/types\/post"}],"author":[{"embeddable":true,"href":"https:\/\/www.corporacionbi.com\/gt\/frcl\/wp-json\/wp\/v2\/users\/4"}],"replies":[{"embeddable":true,"href":"https:\/\/www.corporacionbi.com\/gt\/frcl\/wp-json\/wp\/v2\/comments?post=381"}],"version-history":[{"count":1,"href":"https:\/\/www.corporacionbi.com\/gt\/frcl\/wp-json\/wp\/v2\/posts\/381\/revisions"}],"predecessor-version":[{"id":383,"href":"https:\/\/www.corporacionbi.com\/gt\/frcl\/wp-json\/wp\/v2\/posts\/381\/revisions\/383"}],"wp:featuredmedia":[{"embeddable":true,"href":"https:\/\/www.corporacionbi.com\/gt\/frcl\/wp-json\/wp\/v2\/media\/1143"}],"wp:attachment":[{"href":"https:\/\/www.corporacionbi.com\/gt\/frcl\/wp-json\/wp\/v2\/media?parent=381"}],"wp:term":[{"taxonomy":"category","embeddable":true,"href":"https:\/\/www.corporacionbi.com\/gt\/frcl\/wp-json\/wp\/v2\/categories?post=381"},{"taxonomy":"post_tag","embeddable":true,"href":"https:\/\/www.corporacionbi.com\/gt\/frcl\/wp-json\/wp\/v2\/tags?post=381"}],"curies":[{"name":"wp","href":"https:\/\/api.w.org\/{rel}","templated":true}]}}