{"id":2730,"date":"2026-02-27T23:36:41","date_gmt":"2026-02-27T17:36:41","guid":{"rendered":"https:\/\/www.corporacionbi.com\/gt\/frcl\/?p=2730"},"modified":"2026-02-27T23:38:13","modified_gmt":"2026-02-27T17:38:13","slug":"joselin-anahi-jolon-chicop","status":"publish","type":"post","link":"https:\/\/www.corporacionbi.com\/gt\/frcl\/joselin-anahi-jolon-chicop\/","title":{"rendered":"Joselin Anah\u00ed Jol\u00f3n Chicop"},"content":{"rendered":"<div class=\"wpb-content-wrapper\"><div class=\"vc_row wpb_row vc_row-fluid vc_row_1007962758\"><div class=\"wpb_column vc_column_container vc_col-sm-12 vc_column_206905822\"><div class=\"vc_column-inner \"><div class=\"wpb_wrapper\">\n\t<div class=\"wpb_text_column wpb_content_element\" >\n\t\t<div class=\"wpb_wrapper\">\n\t\t\t<p><strong>Etapa:<\/strong> Segunda Etapa Ciclo B\u00e1sico<\/p>\n<p><strong>Comunidad:<\/strong> Aldea Palo Verde<\/p>\n<p><strong>Municipio:<\/strong> Santiago Sacatep\u00e9quez\u200b<\/p>\n<p><strong>Departamento:<\/strong> Sacatep\u00e9quez\u200b<\/p>\n<p>De ni\u00f1a, Joselin enfrent\u00f3 constantes ataques de epilepsia que hicieron de su infancia un camino lleno de dificultades. Sin embargo, en su interior siempre lat\u00eda el deseo de construir un futuro mejor para s\u00ed misma.<\/p>\n<p>Con el tiempo, form\u00f3 una pareja que, lamentablemente, no le brind\u00f3 el amor ni el respeto que se merec\u00eda. Los malos tratos sumados a la precariedad econ\u00f3mica pusieron a prueba su fortaleza como mujer y madre, ya que cuidaba de un beb\u00e9 con pocas esperanzas visibles en el horizonte.<\/p>\n<p>Cuando se enter\u00f3 del programa Reescribiendo Mi Futuro de&nbsp; Fundaci\u00f3n Ramiro Castillo Love, no dud\u00f3 en inscribirse. All\u00ed pudo continuar sus estudios y, al mismo tiempo, participar en un curso de elaboraci\u00f3n de jabones artesanales. Esa fue la oportunidad que necesitaba para cambiar el rumbo de su historia y abrirse camino hacia una vida m\u00e1s digna para ella y su hijo.<\/p>\n<p>Durante el aprendizaje, Joselin no solo domin\u00f3 la t\u00e9cnica para crear jabones naturales, arom\u00e1ticos y medicinales, sino que tambi\u00e9n recuper\u00f3 la confianza en s\u00ed misma, y redescubri\u00f3 su capacidad para seguir adelante. Cada pieza que elaboraba simbolizaba un paso firme hacia la independencia y la autonom\u00eda.<\/p>\n<p>Hoy con orgullo, dirige un peque\u00f1o emprendimiento que ha sido muy bien recibido por familiares, amigos y vecinos. Cuenta con una p\u00e1gina de Facebook donde promociona sus productos, lo que le ha permitido llegar a m\u00e1s personas. Los ingresos generados han mejorado notablemente la calidad de vida de su familia, escribiendo un cap\u00edtulo nuevo lleno de esperanza.<\/p>\n<p>Su historia es un poderoso testimonio de que, aunque la vida nos presente grandes desaf\u00edos, con apoyo adecuado, esfuerzo constante y firme determinaci\u00f3n, es posible construir un futuro lleno de esperanza.<\/p>\n<p>Agradece a Fundaci\u00f3n Ramiro Castillo Love por haber confiado en ella y por haberle brindado la oportunidad que necesitaba para comenzar a escribir un nuevo cap\u00edtulo en su vida.<\/p>\n\n\t\t<\/div>\n\t<\/div>\n<style type=\"text\/css\"> .vc_column_206905822:not(.vc_parallax):not(.jarallax) { overflow: center!important; position: relative; }<\/style><\/div><\/div><\/div><style type=\"text\/css\"> .vc_row_1007962758:not(.vc_parallax) { overflow: center!important; position: relative; }<\/style><\/div>\n<\/div>","protected":false},"excerpt":{"rendered":"Etapa: Segunda Etapa Ciclo B\u00e1sico Comunidad: Aldea Palo Verde Municipio: Santiago Sacatep\u00e9quez\u200b Departamento: Sacatep\u00e9quez\u200b De ni\u00f1a, Joselin enfrent\u00f3 constantes ataques de epilepsia que hicieron de su infancia un camino lleno de dificultades. Sin embargo, en su interior siempre lat\u00eda el deseo de construir un futuro...","protected":false},"author":30,"featured_media":2733,"comment_status":"closed","ping_status":"open","sticky":false,"template":"","format":"standard","meta":{"footnotes":""},"categories":[6],"tags":[],"class_list":["post-2730","post","type-post","status-publish","format-standard","has-post-thumbnail","hentry","category-historias-de-vida-escritas"],"_links":{"self":[{"href":"https:\/\/www.corporacionbi.com\/gt\/frcl\/wp-json\/wp\/v2\/posts\/2730","targetHints":{"allow":["GET"]}}],"collection":[{"href":"https:\/\/www.corporacionbi.com\/gt\/frcl\/wp-json\/wp\/v2\/posts"}],"about":[{"href":"https:\/\/www.corporacionbi.com\/gt\/frcl\/wp-json\/wp\/v2\/types\/post"}],"author":[{"embeddable":true,"href":"https:\/\/www.corporacionbi.com\/gt\/frcl\/wp-json\/wp\/v2\/users\/30"}],"replies":[{"embeddable":true,"href":"https:\/\/www.corporacionbi.com\/gt\/frcl\/wp-json\/wp\/v2\/comments?post=2730"}],"version-history":[{"count":3,"href":"https:\/\/www.corporacionbi.com\/gt\/frcl\/wp-json\/wp\/v2\/posts\/2730\/revisions"}],"predecessor-version":[{"id":2734,"href":"https:\/\/www.corporacionbi.com\/gt\/frcl\/wp-json\/wp\/v2\/posts\/2730\/revisions\/2734"}],"wp:featuredmedia":[{"embeddable":true,"href":"https:\/\/www.corporacionbi.com\/gt\/frcl\/wp-json\/wp\/v2\/media\/2733"}],"wp:attachment":[{"href":"https:\/\/www.corporacionbi.com\/gt\/frcl\/wp-json\/wp\/v2\/media?parent=2730"}],"wp:term":[{"taxonomy":"category","embeddable":true,"href":"https:\/\/www.corporacionbi.com\/gt\/frcl\/wp-json\/wp\/v2\/categories?post=2730"},{"taxonomy":"post_tag","embeddable":true,"href":"https:\/\/www.corporacionbi.com\/gt\/frcl\/wp-json\/wp\/v2\/tags?post=2730"}],"curies":[{"name":"wp","href":"https:\/\/api.w.org\/{rel}","templated":true}]}}