{"id":2538,"date":"2025-11-07T23:20:46","date_gmt":"2025-11-07T17:20:46","guid":{"rendered":"https:\/\/www.corporacionbi.com\/gt\/frcl\/?p=2538"},"modified":"2025-11-07T23:26:45","modified_gmt":"2025-11-07T17:26:45","slug":"eliza-madahi-jimenez-juarez-video-testimonial","status":"publish","type":"post","link":"https:\/\/www.corporacionbi.com\/gt\/frcl\/eliza-madahi-jimenez-juarez-video-testimonial\/","title":{"rendered":"Eliza Madahi Jim\u00e9nez Ju\u00e1rez &#8211; Video testimonial"},"content":{"rendered":"<div class=\"wpb-content-wrapper\"><div class=\"vc_row wpb_row vc_row-fluid vc_row_1456810151\"><div class=\"wpb_column vc_column_container vc_col-sm-12 vc_column_1947150020\"><div class=\"vc_column-inner \"><div class=\"wpb_wrapper\">\n\t<div class=\"wpb_text_column wpb_content_element\" >\n\t\t<div class=\"wpb_wrapper\">\n\t\t\t<p>Durante a\u00f1os, las limitaciones econ\u00f3micas le impidieron continuar sus estudios. Hoy, madre de tres hijos, Eliza retoma su camino acad\u00e9mico gracias al apoyo de la Fundaci\u00f3n, cursando la segunda etapa del programa <em>Reescribiendo mi futuro<\/em> en la Aldea Santa Marta, Sumpango, Sacatep\u00e9quez, y se prepara para un futuro lleno de posibilidades.<\/p>\n\n\t\t<\/div>\n\t<\/div>\n\n\t<div class=\"wpb_raw_code wpb_raw_html wpb_content_element\" >\n\t\t<div class=\"wpb_wrapper\">\n\t\t\t<video width=\"100%\" height=\"100%\" allowfullscreen autoplay=\"autoplay\" controls muted controlslist=\"nodownload\"> \r\n  <source src=\"https:\/\/media.bi.com.gt\/corporacionbi\/frcl\/202511\/frcl-historia-eliza-jimenez.mp4\" type=\"video\/mp4\">\r\n<\/video>\n\t\t<\/div>\n\t<\/div>\n<style type=\"text\/css\"> .vc_column_1947150020:not(.vc_parallax):not(.jarallax) { overflow: center!important; position: relative; }<\/style><\/div><\/div><\/div><style type=\"text\/css\"> .vc_row_1456810151:not(.vc_parallax) { overflow: center!important; position: relative; }<\/style><\/div>\n<\/div>","protected":false},"excerpt":{"rendered":"Durante a\u00f1os, las limitaciones econ\u00f3micas le impidieron continuar sus estudios. Hoy, madre de tres hijos, Eliza retoma su camino acad\u00e9mico gracias al apoyo de la Fundaci\u00f3n, cursando la segunda etapa del programa Reescribiendo mi futuro en la Aldea Santa Marta, Sumpango, Sacatep\u00e9quez, y se prepara...","protected":false},"author":21,"featured_media":2539,"comment_status":"closed","ping_status":"open","sticky":false,"template":"","format":"standard","meta":{"footnotes":""},"categories":[7],"tags":[],"class_list":["post-2538","post","type-post","status-publish","format-standard","has-post-thumbnail","hentry","category-videos-testimoniales"],"_links":{"self":[{"href":"https:\/\/www.corporacionbi.com\/gt\/frcl\/wp-json\/wp\/v2\/posts\/2538","targetHints":{"allow":["GET"]}}],"collection":[{"href":"https:\/\/www.corporacionbi.com\/gt\/frcl\/wp-json\/wp\/v2\/posts"}],"about":[{"href":"https:\/\/www.corporacionbi.com\/gt\/frcl\/wp-json\/wp\/v2\/types\/post"}],"author":[{"embeddable":true,"href":"https:\/\/www.corporacionbi.com\/gt\/frcl\/wp-json\/wp\/v2\/users\/21"}],"replies":[{"embeddable":true,"href":"https:\/\/www.corporacionbi.com\/gt\/frcl\/wp-json\/wp\/v2\/comments?post=2538"}],"version-history":[{"count":5,"href":"https:\/\/www.corporacionbi.com\/gt\/frcl\/wp-json\/wp\/v2\/posts\/2538\/revisions"}],"predecessor-version":[{"id":2723,"href":"https:\/\/www.corporacionbi.com\/gt\/frcl\/wp-json\/wp\/v2\/posts\/2538\/revisions\/2723"}],"wp:featuredmedia":[{"embeddable":true,"href":"https:\/\/www.corporacionbi.com\/gt\/frcl\/wp-json\/wp\/v2\/media\/2539"}],"wp:attachment":[{"href":"https:\/\/www.corporacionbi.com\/gt\/frcl\/wp-json\/wp\/v2\/media?parent=2538"}],"wp:term":[{"taxonomy":"category","embeddable":true,"href":"https:\/\/www.corporacionbi.com\/gt\/frcl\/wp-json\/wp\/v2\/categories?post=2538"},{"taxonomy":"post_tag","embeddable":true,"href":"https:\/\/www.corporacionbi.com\/gt\/frcl\/wp-json\/wp\/v2\/tags?post=2538"}],"curies":[{"name":"wp","href":"https:\/\/api.w.org\/{rel}","templated":true}]}}