{"id":2465,"date":"2025-10-01T00:13:37","date_gmt":"2025-09-30T18:13:37","guid":{"rendered":"https:\/\/www.corporacionbi.com\/gt\/frcl\/?p=2465"},"modified":"2025-10-01T02:35:55","modified_gmt":"2025-09-30T20:35:55","slug":"historia-de-alberta-interiano","status":"publish","type":"post","link":"https:\/\/www.corporacionbi.com\/gt\/frcl\/historia-de-alberta-interiano\/","title":{"rendered":"Alberta Interiano un ejemplo de que nunca es tarde para empezar"},"content":{"rendered":"<div class=\"wpb-content-wrapper\"><div class=\"vc_row wpb_row vc_row-fluid vc_row_116185656\"><div class=\"wpb_column vc_column_container vc_col-sm-12 vc_column_1878337073\"><div class=\"vc_column-inner \"><div class=\"wpb_wrapper\">\n\t<div class=\"wpb_text_column wpb_content_element\" >\n\t\t<div class=\"wpb_wrapper\">\n\t\t\t<p>Alberta Interiano Interiano tiene 62 a\u00f1os, residente del caser\u00edo el Centro Dos Quebradas del municipio de Camot\u00e1n, departamento de Chiquimula.<\/p>\n<p>Alberta comenta que desde ni\u00f1a tuvo el deseo de estudiar pero no hab\u00edan escuelas. Cuando ella ten\u00eda diez a\u00f1os, en su comunidad hicieron una galera para que los ni\u00f1os llegaran a estudiar, pero por la falta de maestros no la utilizaron. Los a\u00f1os pasaron y Alberta no pudo estudiar.<\/p>\n<p>Por medio de sus vecinas se enter\u00f3 que estar\u00edan impartiendo clases de alfabetizaci\u00f3n para las personas que tuvieran el deseo de aprender a leer y escribir, de parte del programa de Fundaci\u00f3n Ramiro Castillo Love. Con el deseo de aprender se inscribi\u00f3. Actualmente, es estudiante de la etapa de lectoescritura del programa ME EDUCO, se siente muy feliz y motivada a seguir aprendiendo m\u00e1s. Ahora ya puede escribir su nombre: un logro m\u00e1s en su vida.<\/p>\n<p>Agradece a Fundaci\u00f3n Ramiro Castillo por la oportunidad de estudiar a pesar de la edad y por el kit de nutrici\u00f3n que recibe para sus nietos que est\u00e1n a su cargo, ya que ahora ellos pueden tomar una tacita de Incaparina todos los d\u00edas.<\/p>\n\n\t\t<\/div>\n\t<\/div>\n<style type=\"text\/css\"> .vc_column_1878337073:not(.vc_parallax):not(.jarallax) { overflow: center!important; position: relative; }<\/style><\/div><\/div><\/div><style type=\"text\/css\"> .vc_row_116185656:not(.vc_parallax) { overflow: center!important; position: relative; }<\/style><\/div>\n<\/div>","protected":false},"excerpt":{"rendered":"Alberta Interiano Interiano tiene 62 a\u00f1os, residente del caser\u00edo el Centro Dos Quebradas del municipio de Camot\u00e1n, departamento de Chiquimula. Alberta comenta que desde ni\u00f1a tuvo el deseo de estudiar pero no hab\u00edan escuelas. Cuando ella ten\u00eda diez a\u00f1os, en su comunidad hicieron una galera...","protected":false},"author":21,"featured_media":2479,"comment_status":"closed","ping_status":"open","sticky":false,"template":"","format":"standard","meta":{"footnotes":""},"categories":[6],"tags":[],"class_list":["post-2465","post","type-post","status-publish","format-standard","has-post-thumbnail","hentry","category-historias-de-vida-escritas"],"_links":{"self":[{"href":"https:\/\/www.corporacionbi.com\/gt\/frcl\/wp-json\/wp\/v2\/posts\/2465","targetHints":{"allow":["GET"]}}],"collection":[{"href":"https:\/\/www.corporacionbi.com\/gt\/frcl\/wp-json\/wp\/v2\/posts"}],"about":[{"href":"https:\/\/www.corporacionbi.com\/gt\/frcl\/wp-json\/wp\/v2\/types\/post"}],"author":[{"embeddable":true,"href":"https:\/\/www.corporacionbi.com\/gt\/frcl\/wp-json\/wp\/v2\/users\/21"}],"replies":[{"embeddable":true,"href":"https:\/\/www.corporacionbi.com\/gt\/frcl\/wp-json\/wp\/v2\/comments?post=2465"}],"version-history":[{"count":6,"href":"https:\/\/www.corporacionbi.com\/gt\/frcl\/wp-json\/wp\/v2\/posts\/2465\/revisions"}],"predecessor-version":[{"id":2492,"href":"https:\/\/www.corporacionbi.com\/gt\/frcl\/wp-json\/wp\/v2\/posts\/2465\/revisions\/2492"}],"wp:featuredmedia":[{"embeddable":true,"href":"https:\/\/www.corporacionbi.com\/gt\/frcl\/wp-json\/wp\/v2\/media\/2479"}],"wp:attachment":[{"href":"https:\/\/www.corporacionbi.com\/gt\/frcl\/wp-json\/wp\/v2\/media?parent=2465"}],"wp:term":[{"taxonomy":"category","embeddable":true,"href":"https:\/\/www.corporacionbi.com\/gt\/frcl\/wp-json\/wp\/v2\/categories?post=2465"},{"taxonomy":"post_tag","embeddable":true,"href":"https:\/\/www.corporacionbi.com\/gt\/frcl\/wp-json\/wp\/v2\/tags?post=2465"}],"curies":[{"name":"wp","href":"https:\/\/api.w.org\/{rel}","templated":true}]}}