{"id":2188,"date":"2025-06-26T03:07:36","date_gmt":"2025-06-25T21:07:36","guid":{"rendered":"https:\/\/www.corporacionbi.com\/gt\/frcl\/?p=2188"},"modified":"2025-06-26T03:07:36","modified_gmt":"2025-06-25T21:07:36","slug":"ana-garcia-reescribe-su-futuro","status":"publish","type":"post","link":"https:\/\/www.corporacionbi.com\/gt\/frcl\/ana-garcia-reescribe-su-futuro\/","title":{"rendered":"Ana Garc\u00eda reescribe su Futuro"},"content":{"rendered":"<p>Ana Jeannette Garc\u00eda Cruz, estudiante del programa Reescribiendo mi Futuro, tiene 46 a\u00f1os y reside en la zona 16 de la Ciudad de Guatemala. Es madre de tres hijos, entre ellos una joven de 20 a\u00f1os con capacidades diferentes, quien se encuentra bajo el cuidado de una t\u00eda que atiende sus necesidades.\u00a0 Trabaja en oficios dom\u00e9sticos, desempe\u00f1\u00e1ndose en jornadas extensas y complicadas. Su nivel de escolaridad formal lleg\u00f3 hasta sexto primaria, ya que por razones personales no tuvo la oportunidad de continuar sus estudios. Sin embargo, motivada por un fuerte deseo de superaci\u00f3n, ha buscado alternativas de formaci\u00f3n t\u00e9cnica y ha logrado capacitarse en enfermer\u00eda, primeros auxilios, arreglos florales, belleza y reposter\u00eda, evidenciando un alto esp\u00edritu de mejora personal y profesional.<\/p>\n<p>A lo largo de su vida, Ana ha tenido oportunidad laboral para empresas reconocidas, no obstante, al no contar con el requisito m\u00ednimo de tercero b\u00e1sico, perdi\u00f3 varias de estas oportunidades laborales formales.<\/p>\n<p>Fiel a sus principios de superaci\u00f3n, en el presente a\u00f1o decidi\u00f3 retomar sus estudios formales a nivel b\u00e1sico. Gracias a la informaci\u00f3n difundida en redes sociales sobre los Programas de Fundaci\u00f3n Ramiro Castillo Love, Ana se comunic\u00f3 con la oficina central para realizar la consulta sobre d\u00f3nde pod\u00eda continuar sus estudios. Su caso fue referido a la sede de San Lucas Sacatep\u00e9quez, donde fue asignada a la tutora Mar\u00eda Jos\u00e9 Morales.<\/p>\n<p>Cabe resaltar que Ana Garc\u00eda se traslada cada s\u00e1bado desde la zona 16 de la Ciudad Capital hasta el municipio de San Lucas Sacatep\u00e9quez, demostrando puntualidad y un firme compromiso con su proceso educativo. Esta actitud refleja su alto nivel de responsabilidad y motivaci\u00f3n por alcanzar sus metas acad\u00e9micas.<\/p>\n<p>Su participaci\u00f3n activa en las sesiones presenciales, as\u00ed como su disposici\u00f3n para realizar las tareas asignadas y solicitar apoyo cuando lo necesita, evidencian un inter\u00e9s genuino por aprender y fortalecer sus competencias. Su desempe\u00f1o ha sido constante y ejemplar, lo que le ha valido el reconocimiento de su tutora como una estudiante dedicada y perseverante. Tambi\u00e9n cursa el m\u00f3dulo de inform\u00e1tica b\u00e1sica, uno de los componentes del programa Reescribiendo Mi Futuro, donde ha demostrado entusiasmo por adquirir nuevas habilidades tecnol\u00f3gicas que complementen su formaci\u00f3n y ampl\u00eden sus oportunidades tanto en el \u00e1mbito acad\u00e9mico como laboral.<\/p>\n","protected":false},"excerpt":{"rendered":"<p>Ana Jeannette Garc\u00eda Cruz, estudiante del programa Reescribiendo mi Futuro, tiene 46 a\u00f1os y reside en la zona 16 de la Ciudad de Guatemala. Es madre de tres hijos, entre ellos una joven de 20 a\u00f1os con capacidades diferentes, quien se encuentra bajo el cuidado&#8230;<\/p>\n","protected":false},"author":9,"featured_media":2197,"comment_status":"open","ping_status":"open","sticky":false,"template":"","format":"standard","meta":{"footnotes":""},"categories":[6],"tags":[],"class_list":["post-2188","post","type-post","status-publish","format-standard","has-post-thumbnail","hentry","category-historias-de-vida-escritas"],"_links":{"self":[{"href":"https:\/\/www.corporacionbi.com\/gt\/frcl\/wp-json\/wp\/v2\/posts\/2188","targetHints":{"allow":["GET"]}}],"collection":[{"href":"https:\/\/www.corporacionbi.com\/gt\/frcl\/wp-json\/wp\/v2\/posts"}],"about":[{"href":"https:\/\/www.corporacionbi.com\/gt\/frcl\/wp-json\/wp\/v2\/types\/post"}],"author":[{"embeddable":true,"href":"https:\/\/www.corporacionbi.com\/gt\/frcl\/wp-json\/wp\/v2\/users\/9"}],"replies":[{"embeddable":true,"href":"https:\/\/www.corporacionbi.com\/gt\/frcl\/wp-json\/wp\/v2\/comments?post=2188"}],"version-history":[{"count":1,"href":"https:\/\/www.corporacionbi.com\/gt\/frcl\/wp-json\/wp\/v2\/posts\/2188\/revisions"}],"predecessor-version":[{"id":2193,"href":"https:\/\/www.corporacionbi.com\/gt\/frcl\/wp-json\/wp\/v2\/posts\/2188\/revisions\/2193"}],"wp:featuredmedia":[{"embeddable":true,"href":"https:\/\/www.corporacionbi.com\/gt\/frcl\/wp-json\/wp\/v2\/media\/2197"}],"wp:attachment":[{"href":"https:\/\/www.corporacionbi.com\/gt\/frcl\/wp-json\/wp\/v2\/media?parent=2188"}],"wp:term":[{"taxonomy":"category","embeddable":true,"href":"https:\/\/www.corporacionbi.com\/gt\/frcl\/wp-json\/wp\/v2\/categories?post=2188"},{"taxonomy":"post_tag","embeddable":true,"href":"https:\/\/www.corporacionbi.com\/gt\/frcl\/wp-json\/wp\/v2\/tags?post=2188"}],"curies":[{"name":"wp","href":"https:\/\/api.w.org\/{rel}","templated":true}]}}