{"id":1612,"date":"2024-02-02T23:13:27","date_gmt":"2024-02-02T17:13:27","guid":{"rendered":"https:\/\/www.corporacionbi.com\/gt\/frcl\/?p=1612"},"modified":"2024-02-02T23:19:59","modified_gmt":"2024-02-02T17:19:59","slug":"elida-rodriguez-elsa-perez-y-brenda-perez-video-testimonial","status":"publish","type":"post","link":"https:\/\/www.corporacionbi.com\/gt\/frcl\/elida-rodriguez-elsa-perez-y-brenda-perez-video-testimonial\/","title":{"rendered":"Elida Rodr\u00edguez, Elsa P\u00e9rez y Brenda P\u00e9rez &#8211; Video Testimonial"},"content":{"rendered":"<p>Elida Rodr\u00edguez, Elsa P\u00e9rez y Brenda P\u00e9rez, comparten su experiencia como educandas del Programa Me Educo de Primaria Acelerada junto a su tutora Hilda P\u00e9rez, en el municipio de San Pedro Pinula, Jalapa.<\/p>\n<p><iframe loading=\"lazy\" src=\"https:\/\/media.bi.com.gt\/corporacionbi\/frcl\/202402\/tutora-3.mp4\" width=\"100%\" height=\"480\" frameborder=\"0\" allowfullscreen=\"allowfullscreen\"><span data-mce-type=\"bookmark\" style=\"display: inline-block; width: 0px; overflow: hidden; line-height: 0;\" class=\"mce_SELRES_start\">\ufeff<\/span><span data-mce-type=\"bookmark\" style=\"display: inline-block; width: 0px; overflow: hidden; line-height: 0;\" class=\"mce_SELRES_start\"> <\/span><\/iframe><\/p>\n","protected":false},"excerpt":{"rendered":"<p>Elida Rodr\u00edguez, Elsa P\u00e9rez y Brenda P\u00e9rez, comparten su experiencia como educandas del Programa Me Educo de Primaria Acelerada junto a su tutora Hilda P\u00e9rez, en el municipio de San Pedro Pinula, Jalapa. \ufeff<\/p>\n","protected":false},"author":12,"featured_media":1619,"comment_status":"open","ping_status":"open","sticky":false,"template":"","format":"standard","meta":{"footnotes":""},"categories":[7],"tags":[],"class_list":["post-1612","post","type-post","status-publish","format-standard","has-post-thumbnail","hentry","category-videos-testimoniales"],"_links":{"self":[{"href":"https:\/\/www.corporacionbi.com\/gt\/frcl\/wp-json\/wp\/v2\/posts\/1612","targetHints":{"allow":["GET"]}}],"collection":[{"href":"https:\/\/www.corporacionbi.com\/gt\/frcl\/wp-json\/wp\/v2\/posts"}],"about":[{"href":"https:\/\/www.corporacionbi.com\/gt\/frcl\/wp-json\/wp\/v2\/types\/post"}],"author":[{"embeddable":true,"href":"https:\/\/www.corporacionbi.com\/gt\/frcl\/wp-json\/wp\/v2\/users\/12"}],"replies":[{"embeddable":true,"href":"https:\/\/www.corporacionbi.com\/gt\/frcl\/wp-json\/wp\/v2\/comments?post=1612"}],"version-history":[{"count":1,"href":"https:\/\/www.corporacionbi.com\/gt\/frcl\/wp-json\/wp\/v2\/posts\/1612\/revisions"}],"predecessor-version":[{"id":1616,"href":"https:\/\/www.corporacionbi.com\/gt\/frcl\/wp-json\/wp\/v2\/posts\/1612\/revisions\/1616"}],"wp:featuredmedia":[{"embeddable":true,"href":"https:\/\/www.corporacionbi.com\/gt\/frcl\/wp-json\/wp\/v2\/media\/1619"}],"wp:attachment":[{"href":"https:\/\/www.corporacionbi.com\/gt\/frcl\/wp-json\/wp\/v2\/media?parent=1612"}],"wp:term":[{"taxonomy":"category","embeddable":true,"href":"https:\/\/www.corporacionbi.com\/gt\/frcl\/wp-json\/wp\/v2\/categories?post=1612"},{"taxonomy":"post_tag","embeddable":true,"href":"https:\/\/www.corporacionbi.com\/gt\/frcl\/wp-json\/wp\/v2\/tags?post=1612"}],"curies":[{"name":"wp","href":"https:\/\/api.w.org\/{rel}","templated":true}]}}