{"id":1434,"date":"2024-01-12T03:43:44","date_gmt":"2024-01-11T21:43:44","guid":{"rendered":"https:\/\/www.corporacionbi.com\/gt\/frcl\/?p=1434"},"modified":"2024-01-16T23:39:03","modified_gmt":"2024-01-16T17:39:03","slug":"componentes-de-apoyo-en-los-programas-educativos","status":"publish","type":"post","link":"https:\/\/www.corporacionbi.com\/gt\/frcl\/componentes-de-apoyo-en-los-programas-educativos\/","title":{"rendered":"Componentes de apoyo en los programas educativos"},"content":{"rendered":"<p class=\"s4\"><span class=\"s5\">El componente educativo es el principal de los programas de la Fundaci\u00f3n. \u00a0Sin embargo, se llevaron a cabo tres componentes m\u00e1s de apoyo hacia los educandos, <\/span><span class=\"s5\">que <\/span><span class=\"s5\">son: <\/span><span class=\"s5\">el de Productividad y Desarrollo \u201cCreciendo en mi Comunidad\u201d, la ayuda Nutricional \u201cJuntos por una Ni\u00f1ez Plena\u201d y el Tecnol\u00f3gico. \u00a0En el de Productividad y Desarrollo, se realizaron<\/span> <span class=\"s5\">cursos t\u00e9cnico-ocupacionales impartidos <\/span><span class=\"s5\">en coordinaci\u00f3n con el Instituto T\u00e9cnico de Capacitaci\u00f3n (INTECAP), la DIGEEX y alianzas con municipalidades, con la participaci\u00f3n de m\u00e1s de <\/span><span class=\"s5\">150 <\/span><span class=\"s5\">estudiantes.<\/span><span class=\"s5\"> \u00a0Algunos de los cursos impartidos fueron: electricidad, plomer\u00eda, cocina<\/span><span class=\"s5\"> y elaboraci\u00f3n de embutidos, entre otros.<\/span><span class=\"s5\"> \u00a0Es as\u00ed como los edu<\/span><span class=\"s5\">candos obtienen recursos econ\u00f3micos <\/span><span class=\"s5\">al aplicar sus conocimientos o <\/span><span class=\"s5\">vender los productos que aprenden a hacer.<\/span><\/p>\n<p class=\"s4\"><span class=\"s5\">En el Nutricional, <\/span><span class=\"s5\">m\u00e1s de <\/span><span class=\"s5\">4<\/span><span class=\"s5\">50<\/span><span class=\"s5\"> madres de familia recibieron orientaciones t\u00e9cnico-nutricionales; 586 ni\u00f1os, hijos de educandos, se beneficiaron de <\/span><span class=\"s6\">kits<\/span><span class=\"s5\"> nutricionales del Programa Vaso de Incaparina y, 525 de ellos, con evaluaciones antropom\u00e9tricas de peso y talla en alianza con Fundaci\u00f3n Castillo C\u00f3rdova. \u00a0Finalmente, en el Tecnol\u00f3gico se donaron 39 equipos de c\u00f3mputo para 3 laboratorios de computaci\u00f3n para la alfabetizaci\u00f3n digital, en alianza con municipalidades.<\/span><\/p>\n","protected":false},"excerpt":{"rendered":"<p>El componente educativo es el principal de los programas de la Fundaci\u00f3n. \u00a0Sin embargo, se llevaron a cabo tres componentes m\u00e1s de apoyo hacia los educandos, que son: el de Productividad y Desarrollo \u201cCreciendo en mi Comunidad\u201d, la ayuda Nutricional \u201cJuntos por una Ni\u00f1ez Plena\u201d&#8230;<\/p>\n","protected":false},"author":3,"featured_media":1548,"comment_status":"open","ping_status":"open","sticky":false,"template":"","format":"standard","meta":{"footnotes":""},"categories":[11],"tags":[],"class_list":["post-1434","post","type-post","status-publish","format-standard","has-post-thumbnail","hentry","category-noticias-de-la-fundacion"],"_links":{"self":[{"href":"https:\/\/www.corporacionbi.com\/gt\/frcl\/wp-json\/wp\/v2\/posts\/1434","targetHints":{"allow":["GET"]}}],"collection":[{"href":"https:\/\/www.corporacionbi.com\/gt\/frcl\/wp-json\/wp\/v2\/posts"}],"about":[{"href":"https:\/\/www.corporacionbi.com\/gt\/frcl\/wp-json\/wp\/v2\/types\/post"}],"author":[{"embeddable":true,"href":"https:\/\/www.corporacionbi.com\/gt\/frcl\/wp-json\/wp\/v2\/users\/3"}],"replies":[{"embeddable":true,"href":"https:\/\/www.corporacionbi.com\/gt\/frcl\/wp-json\/wp\/v2\/comments?post=1434"}],"version-history":[{"count":3,"href":"https:\/\/www.corporacionbi.com\/gt\/frcl\/wp-json\/wp\/v2\/posts\/1434\/revisions"}],"predecessor-version":[{"id":1550,"href":"https:\/\/www.corporacionbi.com\/gt\/frcl\/wp-json\/wp\/v2\/posts\/1434\/revisions\/1550"}],"wp:featuredmedia":[{"embeddable":true,"href":"https:\/\/www.corporacionbi.com\/gt\/frcl\/wp-json\/wp\/v2\/media\/1548"}],"wp:attachment":[{"href":"https:\/\/www.corporacionbi.com\/gt\/frcl\/wp-json\/wp\/v2\/media?parent=1434"}],"wp:term":[{"taxonomy":"category","embeddable":true,"href":"https:\/\/www.corporacionbi.com\/gt\/frcl\/wp-json\/wp\/v2\/categories?post=1434"},{"taxonomy":"post_tag","embeddable":true,"href":"https:\/\/www.corporacionbi.com\/gt\/frcl\/wp-json\/wp\/v2\/tags?post=1434"}],"curies":[{"name":"wp","href":"https:\/\/api.w.org\/{rel}","templated":true}]}}