{"id":1432,"date":"2024-01-12T03:41:59","date_gmt":"2024-01-11T21:41:59","guid":{"rendered":"https:\/\/www.corporacionbi.com\/gt\/frcl\/?p=1432"},"modified":"2024-01-16T23:35:14","modified_gmt":"2024-01-16T17:35:14","slug":"educandos-finalizan-etapas-de-primaria-y-ciclo-basico","status":"publish","type":"post","link":"https:\/\/www.corporacionbi.com\/gt\/frcl\/educandos-finalizan-etapas-de-primaria-y-ciclo-basico\/","title":{"rendered":"Educandos finalizan etapas de primaria y ciclo b\u00e1sico"},"content":{"rendered":"<p class=\"s4\"><span class=\"s5\">Educandos<\/span><span class=\"s5\"> adolescentes, j\u00f3venes y adultos<\/span><span class=\"s5\"> de los programas educativos de Fundaci\u00f3n Ramiro Castillo Love finalizan las diferentes etapas<\/span><span class=\"s5\"> de estudio del a\u00f1o 2023. \u00a0En el Programa Me Educo de Primaria Acelerada se desarroll<\/span><span class=\"s5\">\u00f3 la Etapa Inicial de Lectoescritura y C\u00e1lculo Matem\u00e1tico equivalente a primero primaria; la Primera Etapa de Primaria Acelerada equivalente a segundo y tercero primaria y la Segunda Etapa <\/span><span class=\"s5\">equivalente a<\/span><span class=\"s5\"> cuarto, quinto y sexto primaria. \u00a0En el Programa Reescribiendo Mi Futuro <\/span><span class=\"s5\">de Ciclo B\u00e1sico se finaliz\u00f3 con la Primera Etapa que incluye primero y segundo b\u00e1sico y la Segunda<\/span><span class=\"s5\"> Etapa que incluye<\/span><span class=\"s5\"> tercero b\u00e1sico. \u00a0<\/span><\/p>\n<p class=\"s4\"><span class=\"s5\">La inscripci\u00f3n lleg\u00f3 a m\u00e1s de cuatro mil<\/span><span class=\"s5\"> estudiantes<\/span><span class=\"s5\"> provenientes de 17 municipios, en cinco departamentos del pa\u00ed<\/span><span class=\"s5\">s: <\/span><span class=\"s5\">Chiquimula, Jalapa, Sacatep\u00e9quez, Solol\u00e1 y Totonicap\u00e1<\/span><span class=\"s5\">n<\/span><span class=\"s5\">. \u00a0<\/span><span class=\"s5\">Los educandos recibieron gratuitamente textos y \u00fatiles escolares. \u00a0Los maestros o tutores recibieron capacitaciones, bolsas de materiales did\u00e1cticos y un incentivo econ\u00f3mico.<\/span><span class=\"s5\"> \u00a0<\/span><span class=\"s5\">Los programas <\/span><span class=\"s5\">educativos <\/span><span class=\"s5\">se implementaron por medio de la Asociaci\u00f3n para la Cultura y el Desarrollo (ACUDE) y con el aval de la Direcci\u00f3n General de Educaci\u00f3n Extraescolar (DIGEEX) del Ministerio de Educaci\u00f3n.<\/span><\/p>\n<p class=\"s4\"><span class=\"s5\">Con el fin de constatar la labor de la Fundaci\u00f3n y documentarlo con fotograf\u00edas y videos, se <\/span><span class=\"s5\">visitaron<\/span><span class=\"s5\"> grupos de estudio en los departamentos de intervenci\u00f3n<\/span><span class=\"s5\">.<\/span><\/p>\n","protected":false},"excerpt":{"rendered":"<p>Educandos adolescentes, j\u00f3venes y adultos de los programas educativos de Fundaci\u00f3n Ramiro Castillo Love finalizan las diferentes etapas de estudio del a\u00f1o 2023. \u00a0En el Programa Me Educo de Primaria Acelerada se desarroll\u00f3 la Etapa Inicial de Lectoescritura y C\u00e1lculo Matem\u00e1tico equivalente a primero primaria;&#8230;<\/p>\n","protected":false},"author":3,"featured_media":1383,"comment_status":"open","ping_status":"open","sticky":false,"template":"","format":"standard","meta":{"footnotes":""},"categories":[11],"tags":[],"class_list":["post-1432","post","type-post","status-publish","format-standard","has-post-thumbnail","hentry","category-noticias-de-la-fundacion"],"_links":{"self":[{"href":"https:\/\/www.corporacionbi.com\/gt\/frcl\/wp-json\/wp\/v2\/posts\/1432","targetHints":{"allow":["GET"]}}],"collection":[{"href":"https:\/\/www.corporacionbi.com\/gt\/frcl\/wp-json\/wp\/v2\/posts"}],"about":[{"href":"https:\/\/www.corporacionbi.com\/gt\/frcl\/wp-json\/wp\/v2\/types\/post"}],"author":[{"embeddable":true,"href":"https:\/\/www.corporacionbi.com\/gt\/frcl\/wp-json\/wp\/v2\/users\/3"}],"replies":[{"embeddable":true,"href":"https:\/\/www.corporacionbi.com\/gt\/frcl\/wp-json\/wp\/v2\/comments?post=1432"}],"version-history":[{"count":2,"href":"https:\/\/www.corporacionbi.com\/gt\/frcl\/wp-json\/wp\/v2\/posts\/1432\/revisions"}],"predecessor-version":[{"id":1547,"href":"https:\/\/www.corporacionbi.com\/gt\/frcl\/wp-json\/wp\/v2\/posts\/1432\/revisions\/1547"}],"wp:featuredmedia":[{"embeddable":true,"href":"https:\/\/www.corporacionbi.com\/gt\/frcl\/wp-json\/wp\/v2\/media\/1383"}],"wp:attachment":[{"href":"https:\/\/www.corporacionbi.com\/gt\/frcl\/wp-json\/wp\/v2\/media?parent=1432"}],"wp:term":[{"taxonomy":"category","embeddable":true,"href":"https:\/\/www.corporacionbi.com\/gt\/frcl\/wp-json\/wp\/v2\/categories?post=1432"},{"taxonomy":"post_tag","embeddable":true,"href":"https:\/\/www.corporacionbi.com\/gt\/frcl\/wp-json\/wp\/v2\/tags?post=1432"}],"curies":[{"name":"wp","href":"https:\/\/api.w.org\/{rel}","templated":true}]}}