{"id":1430,"date":"2024-01-12T03:39:22","date_gmt":"2024-01-11T21:39:22","guid":{"rendered":"https:\/\/www.corporacionbi.com\/gt\/frcl\/?p=1430"},"modified":"2024-01-16T23:32:42","modified_gmt":"2024-01-16T17:32:42","slug":"la-educacion-de-jovenes-y-adultos-cambia-vidas","status":"publish","type":"post","link":"https:\/\/www.corporacionbi.com\/gt\/frcl\/la-educacion-de-jovenes-y-adultos-cambia-vidas\/","title":{"rendered":"La educaci\u00f3n de j\u00f3venes y adultos cambia vidas"},"content":{"rendered":"<p class=\"s4\">La educaci\u00f3n de j\u00f3venes y adultos tiene importancia y valor en el mundo. \u00a0Cada 12 o 13 a\u00f1os la UNESCO organiza la Conferencia Internacional de Educaci\u00f3n de Adultos (CONFINTEA)<sup>1<\/sup>\u00a0, la cual aborda el di\u00e1logo y an\u00e1lisis sobre el aprendizaje y la educaci\u00f3n en este \u00e1mbito. \u00a0Se han llevado a cabo siete de ellas desde 1949 hasta la m\u00e1s reciente en 2022. \u00a0Producto de ello los pa\u00edses miembros, de los cuales forma parte Guatemala, y otras organizaciones, elaboraron un nuevo marco de acci\u00f3n con el tema central: \u201cAprovechar el poder transformador del aprendizaje y la educaci\u00f3n de adultos\u201d.<\/p>\n<p class=\"s4\">La Conferencia toc\u00f3 aspectos prioritarios como la importancia de posicionar la educaci\u00f3n de adultos a lo largo de toda la vida, lo que contribuye al desarrollo sostenible y a la paz; aumento de la atenci\u00f3n pol\u00edtica y apoyo financiero; acceso al aprendizaje en entornos digitales y preparaci\u00f3n para el trabajo, entre otros. \u00a0As\u00ed tambi\u00e9n, se resalt\u00f3 el garantizar la calidad del aprendizaje en la mejora de las competencias de los docentes, educadores, voluntarios y otros profesionales. \u00a0Estos y otros temas clave fueron abordados y se resumen en que la educaci\u00f3n de adultos cambia y transforma vidas.<\/p>\n<p class=\"s4\">Fundaci\u00f3n Ramiro Castillo Love est\u00e1 convencida de los cambios que la educaci\u00f3n puede lograr en la vida de los adolescentes, j\u00f3venes y adultos que por muchas razones no estudiaron en su edad escolar o abandonaron su formaci\u00f3n. \u00a0Por ello, con el apoyo de Banco Industrial, S.A., <span class=\"s5\">Padrinos<\/span>, donantes y de actividades de recaudaci\u00f3n, se ha provisto de educaci\u00f3n cada a\u00f1o a cientos de guatemaltecos, especialmente del \u00e1rea rural.<\/p>\n<p class=\"s4\">La Fundaci\u00f3n, en la comprensi\u00f3n de que la educaci\u00f3n de j\u00f3venes y adultos se debe desarrollar desde varias aristas, cuenta con programas educativos como lo son el Programa Me Educo de Primaria Acelerada y el Programa Reescribiendo Mi Futuro de Ciclo B\u00e1sico. \u00a0Este es el componente principal, el cual se acompa\u00f1a de tres m\u00e1s: el de Productividad y Desarrollo \u201cCreciendo en mi Comunidad\u201d con cursos t\u00e9cnico-ocupacionales; el Nutricional \u201cJuntos por una ni\u00f1ez plena\u201d con orientaciones t\u00e9cnico-nutricionales para madres de familia y, el Programa Vaso de Incaparina, para ni\u00f1os, hijos de educandos con el apoyo de Fundaci\u00f3n Castillo C\u00f3rdova y el Tecnol\u00f3gico con laboratorios de computaci\u00f3n que incluye cursos de inform\u00e1tica, en alianzas con municipalidades. \u00a0Asimismo, los tutores son fortalecidos en el mejoramiento de sus competencias.<\/p>\n<p class=\"s4\">Por tanto, Fundaci\u00f3n Ramiro Castillo Love reconoce la importancia de la educaci\u00f3n deadolescentes, j\u00f3venes y adultos reflejada en su lema: <em><span class=\"s5\">\u00a1Porque la educaci\u00f3n cambiar\u00e1 mi futuro y el de mi pa\u00eds!<\/span><\/em><\/p>\n<p>&nbsp;<\/p>\n<p class=\"s3\">1. UIL (2022).\u00a0 \u201cCONFINTEA VII Marco de Acci\u00f3n de Marrakech.\u00a0 Aprovechar el poder transformador del aprendizaje y la educaci\u00f3n de adultos\u201d.\u00a0 UNESCO.<\/p>\n","protected":false},"excerpt":{"rendered":"<p>La educaci\u00f3n de j\u00f3venes y adultos tiene importancia y valor en el mundo. \u00a0Cada 12 o 13 a\u00f1os la UNESCO organiza la Conferencia Internacional de Educaci\u00f3n de Adultos (CONFINTEA)1\u00a0, la cual aborda el di\u00e1logo y an\u00e1lisis sobre el aprendizaje y la educaci\u00f3n en este \u00e1mbito&#8230;.<\/p>\n","protected":false},"author":3,"featured_media":1382,"comment_status":"open","ping_status":"open","sticky":false,"template":"","format":"standard","meta":{"footnotes":""},"categories":[9],"tags":[],"class_list":["post-1430","post","type-post","status-publish","format-standard","has-post-thumbnail","hentry","category-articulos-de-educacion"],"_links":{"self":[{"href":"https:\/\/www.corporacionbi.com\/gt\/frcl\/wp-json\/wp\/v2\/posts\/1430","targetHints":{"allow":["GET"]}}],"collection":[{"href":"https:\/\/www.corporacionbi.com\/gt\/frcl\/wp-json\/wp\/v2\/posts"}],"about":[{"href":"https:\/\/www.corporacionbi.com\/gt\/frcl\/wp-json\/wp\/v2\/types\/post"}],"author":[{"embeddable":true,"href":"https:\/\/www.corporacionbi.com\/gt\/frcl\/wp-json\/wp\/v2\/users\/3"}],"replies":[{"embeddable":true,"href":"https:\/\/www.corporacionbi.com\/gt\/frcl\/wp-json\/wp\/v2\/comments?post=1430"}],"version-history":[{"count":3,"href":"https:\/\/www.corporacionbi.com\/gt\/frcl\/wp-json\/wp\/v2\/posts\/1430\/revisions"}],"predecessor-version":[{"id":1546,"href":"https:\/\/www.corporacionbi.com\/gt\/frcl\/wp-json\/wp\/v2\/posts\/1430\/revisions\/1546"}],"wp:featuredmedia":[{"embeddable":true,"href":"https:\/\/www.corporacionbi.com\/gt\/frcl\/wp-json\/wp\/v2\/media\/1382"}],"wp:attachment":[{"href":"https:\/\/www.corporacionbi.com\/gt\/frcl\/wp-json\/wp\/v2\/media?parent=1430"}],"wp:term":[{"taxonomy":"category","embeddable":true,"href":"https:\/\/www.corporacionbi.com\/gt\/frcl\/wp-json\/wp\/v2\/categories?post=1430"},{"taxonomy":"post_tag","embeddable":true,"href":"https:\/\/www.corporacionbi.com\/gt\/frcl\/wp-json\/wp\/v2\/tags?post=1430"}],"curies":[{"name":"wp","href":"https:\/\/api.w.org\/{rel}","templated":true}]}}