{"id":1414,"date":"2024-01-12T03:29:03","date_gmt":"2024-01-11T21:29:03","guid":{"rendered":"https:\/\/www.corporacionbi.com\/gt\/frcl\/?p=1414"},"modified":"2024-01-12T03:29:03","modified_gmt":"2024-01-11T21:29:03","slug":"dificultades-en-su-ninez-y-la-muerte-de-su-madre-la-hizo-abandonar-sus-estudios-pero-ahora-los-ha-retomado-y-suena-a-lo-grande","status":"publish","type":"post","link":"https:\/\/www.corporacionbi.com\/gt\/frcl\/dificultades-en-su-ninez-y-la-muerte-de-su-madre-la-hizo-abandonar-sus-estudios-pero-ahora-los-ha-retomado-y-suena-a-lo-grande\/","title":{"rendered":"Dificultades en su ni\u00f1ez y la muerte de su madre la hizo abandonar sus estudios, pero ahora los ha retomado y sue\u00f1a a lo grande"},"content":{"rendered":"<p class=\"s4\">Maylin Rodr\u00edguez expresa con entusiasmo y orgullo que naci\u00f3 en Colonia Los Laureles, en el municipio de Jalapa. \u00a0Es una persona con muchos sue\u00f1os y aspiraciones, agradece a Dios y al Programa Reescribiendo Mi Futuro por la oportunidad que se le brinda de seguir estudiando su ciclo de educaci\u00f3n b\u00e1sica.<\/p>\n<p class=\"s4\">\n<p class=\"s4\">Maylin comparte que su vida no ha sido f\u00e1cil, debido que a su corta edad tom\u00f3 la responsabilidad econ\u00f3mica de sus hermanos, ya que su madre falleci\u00f3 y posteriormente abandon\u00f3 sus estudios. \u00a0Sinti\u00f3 alegr\u00eda al saber que el Programa Reescribiendo Mi Futuro lleg\u00f3 a su comunidad y le permitiera continuar su formaci\u00f3n, pues su deseo de aprender es grande, al igual que sus sue\u00f1os y aspiraciones.<\/p>\n<p class=\"s4\">\n<p class=\"s4\">Ella comenta la importancia de estudiar y afirma que aprender ayuda a enfrentar retos en la vida. \u00a0Los conocimientos que ha adquirido son valiosos, unido a los valores y principios que practica cada d\u00eda, como el respeto, la puntualidad y la lealtad, entre otros. \u00a0Maylin est\u00e1 muy agradecida por los \u00fatiles y materiales que ha recibido y por la ense\u00f1anza de calidad que le ha brindado su maestra. \u00a0Sue\u00f1a con convertirse en polic\u00eda y velar por el bienestar del pa\u00eds.<\/p>\n","protected":false},"excerpt":{"rendered":"<p>Maylin Rodr\u00edguez expresa con entusiasmo y orgullo que naci\u00f3 en Colonia Los Laureles, en el municipio de Jalapa. \u00a0Es una persona con muchos sue\u00f1os y aspiraciones, agradece a Dios y al Programa Reescribiendo Mi Futuro por la oportunidad que se le brinda de seguir estudiando&#8230;<\/p>\n","protected":false},"author":3,"featured_media":1389,"comment_status":"open","ping_status":"open","sticky":false,"template":"","format":"standard","meta":{"footnotes":""},"categories":[6],"tags":[],"class_list":["post-1414","post","type-post","status-publish","format-standard","has-post-thumbnail","hentry","category-historias-de-vida-escritas"],"_links":{"self":[{"href":"https:\/\/www.corporacionbi.com\/gt\/frcl\/wp-json\/wp\/v2\/posts\/1414","targetHints":{"allow":["GET"]}}],"collection":[{"href":"https:\/\/www.corporacionbi.com\/gt\/frcl\/wp-json\/wp\/v2\/posts"}],"about":[{"href":"https:\/\/www.corporacionbi.com\/gt\/frcl\/wp-json\/wp\/v2\/types\/post"}],"author":[{"embeddable":true,"href":"https:\/\/www.corporacionbi.com\/gt\/frcl\/wp-json\/wp\/v2\/users\/3"}],"replies":[{"embeddable":true,"href":"https:\/\/www.corporacionbi.com\/gt\/frcl\/wp-json\/wp\/v2\/comments?post=1414"}],"version-history":[{"count":1,"href":"https:\/\/www.corporacionbi.com\/gt\/frcl\/wp-json\/wp\/v2\/posts\/1414\/revisions"}],"predecessor-version":[{"id":1415,"href":"https:\/\/www.corporacionbi.com\/gt\/frcl\/wp-json\/wp\/v2\/posts\/1414\/revisions\/1415"}],"wp:featuredmedia":[{"embeddable":true,"href":"https:\/\/www.corporacionbi.com\/gt\/frcl\/wp-json\/wp\/v2\/media\/1389"}],"wp:attachment":[{"href":"https:\/\/www.corporacionbi.com\/gt\/frcl\/wp-json\/wp\/v2\/media?parent=1414"}],"wp:term":[{"taxonomy":"category","embeddable":true,"href":"https:\/\/www.corporacionbi.com\/gt\/frcl\/wp-json\/wp\/v2\/categories?post=1414"},{"taxonomy":"post_tag","embeddable":true,"href":"https:\/\/www.corporacionbi.com\/gt\/frcl\/wp-json\/wp\/v2\/tags?post=1414"}],"curies":[{"name":"wp","href":"https:\/\/api.w.org\/{rel}","templated":true}]}}