{"id":1412,"date":"2024-01-12T03:27:49","date_gmt":"2024-01-11T21:27:49","guid":{"rendered":"https:\/\/www.corporacionbi.com\/gt\/frcl\/?p=1412"},"modified":"2024-01-12T03:27:49","modified_gmt":"2024-01-11T21:27:49","slug":"brenda-esta-cumpliendo-los-suenos-que-de-nina-quedaron-pausados","status":"publish","type":"post","link":"https:\/\/www.corporacionbi.com\/gt\/frcl\/brenda-esta-cumpliendo-los-suenos-que-de-nina-quedaron-pausados\/","title":{"rendered":"Brenda est\u00e1 cumpliendo los sue\u00f1os que de ni\u00f1a quedaron pausados"},"content":{"rendered":"<p class=\"s4\">Brenda Romero estudi\u00f3 la Primera Etapa de Primaria Acelerada del Programa Me Educo en Aldea Panyebar, en San Juan La Laguna, Solol\u00e1.<\/p>\n<p class=\"s4\">\n<p class=\"s4\">Brenda no tuvo la oportunidad ir a la escuela cuando era ni\u00f1a, ya que sus padres no ten\u00edan los recursos econ\u00f3micos, motivo por el cual no pudo cumplir sus sue\u00f1os de tener una profesi\u00f3n y ayudar a su familia. \u00a0Comenta que se sent\u00eda triste cada vez que miraba a otros ni\u00f1os estudiar y ella sin poder leer, pero ella se quedaba en casa para ayudar a las tareas del hogar y la educaci\u00f3n no era una prioridad para sus padres.<\/p>\n<p class=\"s4\">\n<p class=\"s4\">Brenda comparte que cuando cumpli\u00f3 15 a\u00f1os no tuvo una fiesta, al contrario, se vio en la necesidad de buscar un trabajo para ayudar en los gastos de sus hermanos y sus padres. \u00a0Inici\u00f3 a colaborar con sus vecinos en la tejedur\u00eda, en donde le ense\u00f1aron a tejer. \u00a0Actualmente Brenda es tejedora y vende cortes.<\/p>\n<p class=\"s4\">\n<p class=\"s4\">En el a\u00f1o 2022 se enter\u00f3 de los programas educativos de Fundaci\u00f3n Ramiro Castillo Love y decidi\u00f3 inscribirse en la Etapa Inicial de Lectoescritura y C\u00e1lculo Matem\u00e1tico y en el 2023 continu\u00f3 en la Primera Etapa de Primaria Acelerada, equivalente a tercero primaria. \u00a0Ha aprendido a leer y escribir y est\u00e1 contenta por su avance. \u00a0Anhela terminar su educaci\u00f3n primaria. \u00a0Tambi\u00e9n participa en el curso t\u00e9cnico-ocupacional del Componente de Productividad y Desarrollo, en la elaboraci\u00f3n de embutidos y envasados de frutas.<\/p>\n<p class=\"s4\">\n<p class=\"s4\">Brenda desea por medio de su historia decidan retomar sus estudios, manifestando que, a pesar de las dificultades, es posible hacer las cosas si existe voluntad. \u00a0Agradece a la Fundaci\u00f3n y a todas las personas que colaboran con la instituci\u00f3n por haber posible su sue\u00f1o.<\/p>\n<p class=\"s4\">\n","protected":false},"excerpt":{"rendered":"<p>Brenda Romero estudi\u00f3 la Primera Etapa de Primaria Acelerada del Programa Me Educo en Aldea Panyebar, en San Juan La Laguna, Solol\u00e1. Brenda no tuvo la oportunidad ir a la escuela cuando era ni\u00f1a, ya que sus padres no ten\u00edan los recursos econ\u00f3micos, motivo por&#8230;<\/p>\n","protected":false},"author":3,"featured_media":1387,"comment_status":"open","ping_status":"open","sticky":false,"template":"","format":"standard","meta":{"footnotes":""},"categories":[6],"tags":[],"class_list":["post-1412","post","type-post","status-publish","format-standard","has-post-thumbnail","hentry","category-historias-de-vida-escritas"],"_links":{"self":[{"href":"https:\/\/www.corporacionbi.com\/gt\/frcl\/wp-json\/wp\/v2\/posts\/1412","targetHints":{"allow":["GET"]}}],"collection":[{"href":"https:\/\/www.corporacionbi.com\/gt\/frcl\/wp-json\/wp\/v2\/posts"}],"about":[{"href":"https:\/\/www.corporacionbi.com\/gt\/frcl\/wp-json\/wp\/v2\/types\/post"}],"author":[{"embeddable":true,"href":"https:\/\/www.corporacionbi.com\/gt\/frcl\/wp-json\/wp\/v2\/users\/3"}],"replies":[{"embeddable":true,"href":"https:\/\/www.corporacionbi.com\/gt\/frcl\/wp-json\/wp\/v2\/comments?post=1412"}],"version-history":[{"count":1,"href":"https:\/\/www.corporacionbi.com\/gt\/frcl\/wp-json\/wp\/v2\/posts\/1412\/revisions"}],"predecessor-version":[{"id":1413,"href":"https:\/\/www.corporacionbi.com\/gt\/frcl\/wp-json\/wp\/v2\/posts\/1412\/revisions\/1413"}],"wp:featuredmedia":[{"embeddable":true,"href":"https:\/\/www.corporacionbi.com\/gt\/frcl\/wp-json\/wp\/v2\/media\/1387"}],"wp:attachment":[{"href":"https:\/\/www.corporacionbi.com\/gt\/frcl\/wp-json\/wp\/v2\/media?parent=1412"}],"wp:term":[{"taxonomy":"category","embeddable":true,"href":"https:\/\/www.corporacionbi.com\/gt\/frcl\/wp-json\/wp\/v2\/categories?post=1412"},{"taxonomy":"post_tag","embeddable":true,"href":"https:\/\/www.corporacionbi.com\/gt\/frcl\/wp-json\/wp\/v2\/tags?post=1412"}],"curies":[{"name":"wp","href":"https:\/\/api.w.org\/{rel}","templated":true}]}}