{"id":1410,"date":"2024-01-12T03:25:26","date_gmt":"2024-01-11T21:25:26","guid":{"rendered":"https:\/\/www.corporacionbi.com\/gt\/frcl\/?p=1410"},"modified":"2024-01-12T03:25:26","modified_gmt":"2024-01-11T21:25:26","slug":"ilda-perdio-seres-queridos-y-ahora-lucha-por-sus-suenos","status":"publish","type":"post","link":"https:\/\/www.corporacionbi.com\/gt\/frcl\/ilda-perdio-seres-queridos-y-ahora-lucha-por-sus-suenos\/","title":{"rendered":"Ilda perdi\u00f3 seres queridos y ahora lucha por sus sue\u00f1os"},"content":{"rendered":"<p class=\"s4\"><span class=\"s5\">Ilda Guti\u00e9rrez es originaria del Caser\u00edo Tabl\u00f3n, Aldea Aguazarca, del Municipio de Jocot\u00e1n, Chiquimula. \u00a0Actualmente<\/span><span class=\"s5\">,<\/span><span class=\"s5\"> estudia en la Primera Etapa del Programa Me Educo de Primaria Acelerada de Fundaci\u00f3n Ramiro Castillo Love.<\/span><\/p>\n<p class=\"s4\">\n<p class=\"s4\"><span class=\"s5\">Ilda, cuando era ni\u00f1a sufri\u00f3 la muerte de su se\u00f1or padre y<\/span><span class=\"s5\"> por la situaci\u00f3n econ\u00f3mica de su madre, <\/span><span class=\"s5\">no pudo darles la oportunidad de estudiar.<\/span><span class=\"s5\"> \u00a0Ilda form\u00f3 una familia, pero lamentablemente su esposo fue asesinado. \u00a0<\/span><span class=\"s5\">Ella agradece a la Fundaci\u00f3n por el apoyo que se le brinda para continuar en el nivel primario<\/span><span class=\"s5\">. \u00a0Su sue\u00f1o es estudiar ese nivel y el ciclo b\u00e1sico para <\/span><span class=\"s5\">poder darles una mejor vida a sus hijos.<\/span><span class=\"s5\"> \u00a0<\/span><span class=\"s5\">En la actualidad,<\/span><span class=\"s5\"> labora en casas o en el campo.<\/span><\/p>\n<p class=\"s4\">\n<p class=\"s4\"><span class=\"s5\">Ilda, se siente muy agradecida con Dios, con Fundaci\u00f3n Ramiro Castillo Love y con todos los que hacen posible para que estos programas edu<\/span><span class=\"s5\">cativos lleguen a las comunidades a ayudar a las personas de escasos recursos econ\u00f3micos para que contin\u00faen sus estudios sin importar la edad. \u00a0As\u00ed tambi\u00e9n, comparte que no tiene que viajar ni <\/span><span class=\"s5\">invertir en materiales, ya que todo es gratis. \u00a0Espera que se siga apoyando a m\u00e1s personas y madres que lo necesitan.<\/span><\/p>\n","protected":false},"excerpt":{"rendered":"<p>Ilda Guti\u00e9rrez es originaria del Caser\u00edo Tabl\u00f3n, Aldea Aguazarca, del Municipio de Jocot\u00e1n, Chiquimula. \u00a0Actualmente, estudia en la Primera Etapa del Programa Me Educo de Primaria Acelerada de Fundaci\u00f3n Ramiro Castillo Love. Ilda, cuando era ni\u00f1a sufri\u00f3 la muerte de su se\u00f1or padre y por&#8230;<\/p>\n","protected":false},"author":3,"featured_media":1385,"comment_status":"open","ping_status":"open","sticky":false,"template":"","format":"standard","meta":{"footnotes":""},"categories":[6],"tags":[],"class_list":["post-1410","post","type-post","status-publish","format-standard","has-post-thumbnail","hentry","category-historias-de-vida-escritas"],"_links":{"self":[{"href":"https:\/\/www.corporacionbi.com\/gt\/frcl\/wp-json\/wp\/v2\/posts\/1410","targetHints":{"allow":["GET"]}}],"collection":[{"href":"https:\/\/www.corporacionbi.com\/gt\/frcl\/wp-json\/wp\/v2\/posts"}],"about":[{"href":"https:\/\/www.corporacionbi.com\/gt\/frcl\/wp-json\/wp\/v2\/types\/post"}],"author":[{"embeddable":true,"href":"https:\/\/www.corporacionbi.com\/gt\/frcl\/wp-json\/wp\/v2\/users\/3"}],"replies":[{"embeddable":true,"href":"https:\/\/www.corporacionbi.com\/gt\/frcl\/wp-json\/wp\/v2\/comments?post=1410"}],"version-history":[{"count":1,"href":"https:\/\/www.corporacionbi.com\/gt\/frcl\/wp-json\/wp\/v2\/posts\/1410\/revisions"}],"predecessor-version":[{"id":1411,"href":"https:\/\/www.corporacionbi.com\/gt\/frcl\/wp-json\/wp\/v2\/posts\/1410\/revisions\/1411"}],"wp:featuredmedia":[{"embeddable":true,"href":"https:\/\/www.corporacionbi.com\/gt\/frcl\/wp-json\/wp\/v2\/media\/1385"}],"wp:attachment":[{"href":"https:\/\/www.corporacionbi.com\/gt\/frcl\/wp-json\/wp\/v2\/media?parent=1410"}],"wp:term":[{"taxonomy":"category","embeddable":true,"href":"https:\/\/www.corporacionbi.com\/gt\/frcl\/wp-json\/wp\/v2\/categories?post=1410"},{"taxonomy":"post_tag","embeddable":true,"href":"https:\/\/www.corporacionbi.com\/gt\/frcl\/wp-json\/wp\/v2\/tags?post=1410"}],"curies":[{"name":"wp","href":"https:\/\/api.w.org\/{rel}","templated":true}]}}