{"id":1400,"date":"2024-01-12T03:15:10","date_gmt":"2024-01-11T21:15:10","guid":{"rendered":"https:\/\/www.corporacionbi.com\/gt\/frcl\/?p=1400"},"modified":"2024-01-12T03:15:10","modified_gmt":"2024-01-11T21:15:10","slug":"un-futuro-mejor-se-abre-para-irma","status":"publish","type":"post","link":"https:\/\/www.corporacionbi.com\/gt\/frcl\/un-futuro-mejor-se-abre-para-irma\/","title":{"rendered":"Un futuro mejor se abre para Irma"},"content":{"rendered":"<p class=\"s4\"><span class=\"s5\">Irma Mansilla es originaria de Caser\u00edo San Antonio, Aldea La Libertad, del Municipio de Camot\u00e1n, Chiquimula. \u00a0Actualmente<\/span><span class=\"s5\">,<\/span><span class=\"s5\"> estudia la Primera Etapa de Ciclo B\u00e1sico del Programa Reescribiendo Mi Futuro<\/span><span class=\"s5\">.<\/span><\/p>\n<p class=\"s4\">\n<p class=\"s4\"><span class=\"s5\">A su corta edad Irma se convirti\u00f3 en madre, raz\u00f3n por la cual menciona que no pudo continuar con sus estudios<\/span><span class=\"s5\">. \u00a0P<\/span><span class=\"s5\">osteriormente<\/span><span class=\"s5\">,<\/span><span class=\"s5\"> por su misma situaci\u00f3n econ\u00f3mica le fue dif\u00edcil retomarlos, pero ahora se siente muy agradecida con Dios al poner en su camino a Fundaci\u00f3n Ramiro Castillo Love<\/span><span class=\"s5\">,<\/span><span class=\"s5\"> quienes le dieron la oportunidad de retomar su formaci\u00f3n. \u00a0Esto le permitir\u00e1 cumplir con sus sue\u00f1os de prepararse, de culminar el ciclo b\u00e1sico y de estudiar una carrera a nivel del ciclo diversificado. \u00a0Esto le permitir\u00e1 obtener un empleo que le brinde <\/span><span class=\"s5\">mejores posibilidades econ\u00f3micas para apoyar a su familia y motivarla<\/span><span class=\"s5\">a que triunfe<\/span> <span class=\"s5\">en la vida. \u00a0Su familia es la raz\u00f3n m\u00e1s fuerte que le permite luchar sin desmayar para darles un futuro mejor.<\/span><\/p>\n<p class=\"s4\">\n<p class=\"s4\"><span class=\"s5\">Irma agradece a la Fundaci\u00f3n<\/span><span class=\"s5\">,<\/span><span class=\"s5\"> ya que sin esta oportunidad sus sue\u00f1os se hubieran quedado en el pasado, pero ahora hay una luz que alumbra ese camino y que <\/span><a name=\"_GoBack\"><\/a><span class=\"s5\">abre nuevamente un futuro mejor.<\/span><\/p>\n","protected":false},"excerpt":{"rendered":"<p>Irma Mansilla es originaria de Caser\u00edo San Antonio, Aldea La Libertad, del Municipio de Camot\u00e1n, Chiquimula. \u00a0Actualmente, estudia la Primera Etapa de Ciclo B\u00e1sico del Programa Reescribiendo Mi Futuro. A su corta edad Irma se convirti\u00f3 en madre, raz\u00f3n por la cual menciona que no&#8230;<\/p>\n","protected":false},"author":3,"featured_media":1394,"comment_status":"open","ping_status":"open","sticky":false,"template":"","format":"standard","meta":{"footnotes":""},"categories":[6],"tags":[],"class_list":["post-1400","post","type-post","status-publish","format-standard","has-post-thumbnail","hentry","category-historias-de-vida-escritas"],"_links":{"self":[{"href":"https:\/\/www.corporacionbi.com\/gt\/frcl\/wp-json\/wp\/v2\/posts\/1400","targetHints":{"allow":["GET"]}}],"collection":[{"href":"https:\/\/www.corporacionbi.com\/gt\/frcl\/wp-json\/wp\/v2\/posts"}],"about":[{"href":"https:\/\/www.corporacionbi.com\/gt\/frcl\/wp-json\/wp\/v2\/types\/post"}],"author":[{"embeddable":true,"href":"https:\/\/www.corporacionbi.com\/gt\/frcl\/wp-json\/wp\/v2\/users\/3"}],"replies":[{"embeddable":true,"href":"https:\/\/www.corporacionbi.com\/gt\/frcl\/wp-json\/wp\/v2\/comments?post=1400"}],"version-history":[{"count":1,"href":"https:\/\/www.corporacionbi.com\/gt\/frcl\/wp-json\/wp\/v2\/posts\/1400\/revisions"}],"predecessor-version":[{"id":1401,"href":"https:\/\/www.corporacionbi.com\/gt\/frcl\/wp-json\/wp\/v2\/posts\/1400\/revisions\/1401"}],"wp:featuredmedia":[{"embeddable":true,"href":"https:\/\/www.corporacionbi.com\/gt\/frcl\/wp-json\/wp\/v2\/media\/1394"}],"wp:attachment":[{"href":"https:\/\/www.corporacionbi.com\/gt\/frcl\/wp-json\/wp\/v2\/media?parent=1400"}],"wp:term":[{"taxonomy":"category","embeddable":true,"href":"https:\/\/www.corporacionbi.com\/gt\/frcl\/wp-json\/wp\/v2\/categories?post=1400"},{"taxonomy":"post_tag","embeddable":true,"href":"https:\/\/www.corporacionbi.com\/gt\/frcl\/wp-json\/wp\/v2\/tags?post=1400"}],"curies":[{"name":"wp","href":"https:\/\/api.w.org\/{rel}","templated":true}]}}