{"id":1396,"date":"2024-01-12T03:10:37","date_gmt":"2024-01-11T21:10:37","guid":{"rendered":"https:\/\/www.corporacionbi.com\/gt\/frcl\/?p=1396"},"modified":"2024-01-12T03:10:37","modified_gmt":"2024-01-11T21:10:37","slug":"julia-quiere-ser-maestra-al-igual-que-su-tutora","status":"publish","type":"post","link":"https:\/\/www.corporacionbi.com\/gt\/frcl\/julia-quiere-ser-maestra-al-igual-que-su-tutora\/","title":{"rendered":"Julia quiere ser maestra al igual que su tutora"},"content":{"rendered":"<p class=\"s4\"><span class=\"s5\">Julia<\/span><span class=\"s5\"> L\u00f3pez, a la edad de 9 a\u00f1os abandon\u00f3 la escuela, ya que por una enfermedad de su madre l<\/span><span class=\"s5\">a cuid\u00f3 <\/span><span class=\"s5\">y a la vez <\/span><span class=\"s5\">atendi\u00f3<\/span><span class=\"s5\"> actividades del hogar<\/span><span class=\"s5\">. \u00a0Al pasar el tiempo, su madre se recuper\u00f3 un poco, pero su familia vio que era mejor que ayudara en su casa <\/span><span class=\"s5\">en lugar de<\/span><span class=\"s5\"> ir a estudiar.<\/span><\/p>\n<p class=\"s4\">\n<p class=\"s4\"><span class=\"s5\">Y as\u00ed fue que los a\u00f1os se fueron<\/span><span class=\"s5\">;<\/span><span class=\"s5\"> pero un d\u00eda recibi\u00f3 una visita de parte de la tutora Domitila P\u00e9rez<\/span><span class=\"s5\">,<\/span><span class=\"s5\"> quien le explic\u00f3 la modalidad del Programa Me Educo de Primaria Acelerada de Fundaci\u00f3n <\/span><span class=\"s5\">R<\/span><span class=\"s5\">amiro Castillo Love y que <\/span><span class=\"s5\">las clases ser\u00edan en su comunidad. \u00a0Fue as\u00ed como Julia decidi\u00f3 retomar sus estudios<\/span><span class=\"s5\"> en la Primara Etapa de Primaria Acelerada en Barrio La Bolsa del <\/span><span class=\"s5\">M<\/span><span class=\"s5\">unicipio de San Luis Jilotepeque, Jalapa<\/span><span class=\"s5\">. \u00a0 Por las ma\u00f1anas se dedica a sus labores y por las tardes asiste a estudiar.<\/span><\/p>\n<p class=\"s4\">\n<p class=\"s4\"><span class=\"s5\">Julia se encuentra muy feliz<\/span><span class=\"s5\">, ella ha aprendido cosas nuevas, sobre todo matem\u00e1ticas que, aunque tiene su dificultad, es una de sus clases favoritas, porque resuelve diferentes problemas y estos le sirven para aplicarlos a la vida real. \u00a0Julia sue\u00f1a con ser maestra<\/span><span class=\"s5\"> al ver a su tutora y eso quisiera hacer en un futuro<\/span><span class=\"s5\">,<\/span><span class=\"s5\"> y as\u00ed poder motivar y ense\u00f1ar a otros que como ella no han tenido la oportunidad de prepararse.<\/span><\/p>\n<p class=\"s4\">\n<p class=\"s4\"><span class=\"s5\">Julia agradece a Fundaci\u00f3n Ramiro Castillo Love por el material que le brindan y as\u00ed tambi\u00e9n por el apoyo de la tutora que imparte las clases. \u00a0<\/span><span class=\"s5\">Expresa que el Programa Me Educo es muy bonito, porque brinda la oportunidad de formarse en el lugar donde viven y con todos los recursos para aprender. \u00a0Solo es cuesti\u00f3n de tener <\/span><span class=\"s5\">deseos<\/span><a name=\"_GoBack\"><\/a><span class=\"s5\"> de superarse y prepararse para lo que venga.<\/span><\/p>\n<p class=\"s4\">\n","protected":false},"excerpt":{"rendered":"<p>Julia L\u00f3pez, a la edad de 9 a\u00f1os abandon\u00f3 la escuela, ya que por una enfermedad de su madre la cuid\u00f3 y a la vez atendi\u00f3 actividades del hogar. \u00a0Al pasar el tiempo, su madre se recuper\u00f3 un poco, pero su familia vio que era&#8230;<\/p>\n","protected":false},"author":3,"featured_media":1395,"comment_status":"open","ping_status":"open","sticky":false,"template":"","format":"standard","meta":{"footnotes":""},"categories":[6],"tags":[],"class_list":["post-1396","post","type-post","status-publish","format-standard","has-post-thumbnail","hentry","category-historias-de-vida-escritas"],"_links":{"self":[{"href":"https:\/\/www.corporacionbi.com\/gt\/frcl\/wp-json\/wp\/v2\/posts\/1396","targetHints":{"allow":["GET"]}}],"collection":[{"href":"https:\/\/www.corporacionbi.com\/gt\/frcl\/wp-json\/wp\/v2\/posts"}],"about":[{"href":"https:\/\/www.corporacionbi.com\/gt\/frcl\/wp-json\/wp\/v2\/types\/post"}],"author":[{"embeddable":true,"href":"https:\/\/www.corporacionbi.com\/gt\/frcl\/wp-json\/wp\/v2\/users\/3"}],"replies":[{"embeddable":true,"href":"https:\/\/www.corporacionbi.com\/gt\/frcl\/wp-json\/wp\/v2\/comments?post=1396"}],"version-history":[{"count":1,"href":"https:\/\/www.corporacionbi.com\/gt\/frcl\/wp-json\/wp\/v2\/posts\/1396\/revisions"}],"predecessor-version":[{"id":1397,"href":"https:\/\/www.corporacionbi.com\/gt\/frcl\/wp-json\/wp\/v2\/posts\/1396\/revisions\/1397"}],"wp:featuredmedia":[{"embeddable":true,"href":"https:\/\/www.corporacionbi.com\/gt\/frcl\/wp-json\/wp\/v2\/media\/1395"}],"wp:attachment":[{"href":"https:\/\/www.corporacionbi.com\/gt\/frcl\/wp-json\/wp\/v2\/media?parent=1396"}],"wp:term":[{"taxonomy":"category","embeddable":true,"href":"https:\/\/www.corporacionbi.com\/gt\/frcl\/wp-json\/wp\/v2\/categories?post=1396"},{"taxonomy":"post_tag","embeddable":true,"href":"https:\/\/www.corporacionbi.com\/gt\/frcl\/wp-json\/wp\/v2\/tags?post=1396"}],"curies":[{"name":"wp","href":"https:\/\/api.w.org\/{rel}","templated":true}]}}